{"id":11636,"date":"2023-05-16T17:40:39","date_gmt":"2023-05-16T15:40:39","guid":{"rendered":"https:\/\/motionlab.berlin\/2023\/05\/16\/das-iot-talent-programm-in-kuerze-interview-mit-rene-giese-teil-2\/"},"modified":"2023-06-08T16:58:45","modified_gmt":"2023-06-08T14:58:45","slug":"das-iot-talent-programm-in-kuerze-interview-mit-rene-giese-teil-2","status":"publish","type":"post","link":"https:\/\/motionlab.berlin\/de\/2023\/05\/16\/das-iot-talent-programm-in-kuerze-interview-mit-rene-giese-teil-2\/","title":{"rendered":"Das IoT Talent Programm in K\u00fcrze &#8211; Interview mit Ren\u00e9 Giese | Teil 2"},"content":{"rendered":"\t\t<div data-elementor-type=\"wp-post\" data-elementor-id=\"11636\" class=\"elementor elementor-11636 elementor-11419\" data-elementor-post-type=\"post\">\n\t\t\t\t\t\t<section data-particle_enable=\"false\" data-particle-mobile-disabled=\"false\" class=\"elementor-section elementor-top-section elementor-element elementor-element-fe87010 elementor-section-full_width elementor-hidden-mobile elementor-section-height-default elementor-section-height-default\" data-id=\"fe87010\" data-element_type=\"section\" data-e-type=\"section\" data-settings=\"{&quot;background_background&quot;:&quot;classic&quot;}\">\n\t\t\t\t\t\t<div class=\"elementor-container elementor-column-gap-default\">\n\t\t\t\t\t<div class=\"elementor-column elementor-col-50 elementor-top-column elementor-element elementor-element-5aa4e57\" data-id=\"5aa4e57\" data-element_type=\"column\" data-e-type=\"column\" data-settings=\"{&quot;background_background&quot;:&quot;classic&quot;}\">\n\t\t\t<div class=\"elementor-widget-wrap elementor-element-populated\">\n\t\t\t\t\t\t<div class=\"elementor-element elementor-element-0b7ed4c elementor-widget elementor-widget-heading\" data-id=\"0b7ed4c\" data-element_type=\"widget\" data-e-type=\"widget\" data-widget_type=\"heading.default\">\n\t\t\t\t<div class=\"elementor-widget-container\">\n\t\t\t\t\t<h3 class=\"elementor-heading-title elementor-size-default\">Unser IoT Talent Programm zusammengefasst | TEIL 2<\/h3>\t\t\t\t<\/div>\n\t\t\t\t<\/div>\n\t\t\t\t<div class=\"elementor-element elementor-element-5af2d17 elementor-widget elementor-widget-post-info\" data-id=\"5af2d17\" data-element_type=\"widget\" data-e-type=\"widget\" data-widget_type=\"post-info.default\">\n\t\t\t\t<div class=\"elementor-widget-container\">\n\t\t\t\t\t\t\t<ul class=\"elementor-inline-items elementor-icon-list-items elementor-post-info\">\n\t\t\t\t\t\t\t\t<li class=\"elementor-icon-list-item elementor-repeater-item-ed08a94 elementor-inline-item\" itemprop=\"datePublished\">\n\t\t\t\t\t\t<a href=\"https:\/\/motionlab.berlin\/de\/2023\/05\/16\/\">\n\t\t\t\t\t\t\t\t\t\t\t<span class=\"elementor-icon-list-icon\">\n\t\t\t\t\t\t\t\t<i aria-hidden=\"true\" class=\"fas fa-calendar\"><\/i>\t\t\t\t\t\t\t<\/span>\n\t\t\t\t\t\t\t\t\t<span class=\"elementor-icon-list-text elementor-post-info__item elementor-post-info__item--type-date\">\n\t\t\t\t\t\t\t\t\t\t<time>Mai 16, 2023<\/time>\t\t\t\t\t<\/span>\n\t\t\t\t\t\t\t\t\t<\/a>\n\t\t\t\t<\/li>\n\t\t\t\t<li class=\"elementor-icon-list-item elementor-repeater-item-7181983 elementor-inline-item\" itemprop=\"author\">\n\t\t\t\t\t\t<a href=\"https:\/\/motionlab.berlin\/de\/author\/fridtjof\/\">\n\t\t\t\t\t\t\t\t\t\t\t<span class=\"elementor-icon-list-icon\">\n\t\t\t\t\t\t\t\t<i aria-hidden=\"true\" class=\"far fa-user-circle\"><\/i>\t\t\t\t\t\t\t<\/span>\n\t\t\t\t\t\t\t\t\t<span class=\"elementor-icon-list-text elementor-post-info__item elementor-post-info__item--type-author\">\n\t\t\t\t\t\t\t\t\t\tFridtjof Gustavs\t\t\t\t\t<\/span>\n\t\t\t\t\t\t\t\t\t<\/a>\n\t\t\t\t<\/li>\n\t\t\t\t<\/ul>\n\t\t\t\t\t\t<\/div>\n\t\t\t\t<\/div>\n\t\t\t\t\t<\/div>\n\t\t<\/div>\n\t\t\t\t<div class=\"elementor-column elementor-col-50 elementor-top-column elementor-element elementor-element-7e6377b\" data-id=\"7e6377b\" data-element_type=\"column\" data-e-type=\"column\" data-settings=\"{&quot;background_background&quot;:&quot;classic&quot;}\">\n\t\t\t<div class=\"elementor-widget-wrap\">\n\t\t\t\t\t\t\t<\/div>\n\t\t<\/div>\n\t\t\t\t\t<\/div>\n\t\t<\/section>\n\t\t\t\t<section data-particle_enable=\"false\" data-particle-mobile-disabled=\"false\" class=\"elementor-section elementor-top-section elementor-element elementor-element-08f1917 elementor-section-boxed elementor-section-height-default elementor-section-height-default\" data-id=\"08f1917\" data-element_type=\"section\" data-e-type=\"section\">\n\t\t\t\t\t\t<div class=\"elementor-container elementor-column-gap-default\">\n\t\t\t\t\t<div class=\"elementor-column elementor-col-100 elementor-top-column elementor-element elementor-element-665ef38\" data-id=\"665ef38\" data-element_type=\"column\" data-e-type=\"column\">\n\t\t\t<div class=\"elementor-widget-wrap elementor-element-populated\">\n\t\t\t\t\t\t<div class=\"elementor-element elementor-element-ad38487 elementor-widget elementor-widget-heading\" data-id=\"ad38487\" data-element_type=\"widget\" data-e-type=\"widget\" id=\"tips\" data-widget_type=\"heading.default\">\n\t\t\t\t<div class=\"elementor-widget-container\">\n\t\t\t\t\t<h1 class=\"elementor-heading-title elementor-size-default\">CHALLENGES, SKILLS &amp; ZERTIFIKAT - DAS IOT PROGRAMM F\u00dcR STUDIERENDE | TEIL 2<\/h1>\t\t\t\t<\/div>\n\t\t\t\t<\/div>\n\t\t\t\t<div class=\"elementor-element elementor-element-1cb7ffd elementor-hidden-mobile elementor-widget elementor-widget-heading\" data-id=\"1cb7ffd\" data-element_type=\"widget\" data-e-type=\"widget\" id=\"zwei\" data-widget_type=\"heading.default\">\n\t\t\t\t<div class=\"elementor-widget-container\">\n\t\t\t\t\t<h4 class=\"elementor-heading-title elementor-size-default\">Lerne unser Iot Talent Programm f\u00fcr Studierende genauer kennen. Was sind Deine Vorteile und wie kann es Dich beim Start Deiner Karriere im Bereich IoT unterst\u00fctzen? IoT-Talent Programm Manager Rene Giese im Interview Das ist Teil 2.<\/h4>\t\t\t\t<\/div>\n\t\t\t\t<\/div>\n\t\t\t\t<div class=\"elementor-element elementor-element-97f35d5 elementor-hidden-widescreen elementor-hidden-desktop elementor-hidden-laptop elementor-hidden-tablet elementor-widget elementor-widget-text-editor\" data-id=\"97f35d5\" data-element_type=\"widget\" data-e-type=\"widget\" data-widget_type=\"text-editor.default\">\n\t\t\t\t<div class=\"elementor-widget-container\">\n\t\t\t\t\t\t\t\t\t<p><strong>Lerne unser Iot Talent Programm kennen. Was sind Deine Vorteile und wie kann es Dich als Student beim Start Deiner Karriere im Bereich IoT unterst\u00fctzen? IoT-Talent Programm Manager Rene Giese im Interview Das ist Teil 2.<\/strong><\/p>\n\t\t\t\t\t\t\t\t<\/div>\n\t\t\t\t<\/div>\n\t\t\t\t<div class=\"elementor-element elementor-element-53bbb7d elementor-widget-divider--view-line elementor-widget elementor-widget-divider\" data-id=\"53bbb7d\" data-element_type=\"widget\" data-e-type=\"widget\" data-widget_type=\"divider.default\">\n\t\t\t\t<div class=\"elementor-widget-container\">\n\t\t\t\t\t\t\t<div class=\"elementor-divider\">\n\t\t\t<span class=\"elementor-divider-separator\">\n\t\t\t\t\t\t<\/span>\n\t\t<\/div>\n\t\t\t\t\t\t<\/div>\n\t\t\t\t<\/div>\n\t\t\t\t<div class=\"elementor-element elementor-element-3648b4e elementor-widget elementor-widget-text-editor\" data-id=\"3648b4e\" data-element_type=\"widget\" data-e-type=\"widget\" data-widget_type=\"text-editor.default\">\n\t\t\t\t<div class=\"elementor-widget-container\">\n\t\t\t\t\t\t\t\t\t<p><a href=\"http:\/\/motionlab.berlin\/de\/makeup-internet-der-dinge-programm\/\" target=\"_blank\" rel=\"noopener\">Unser IoT Talent Programm f\u00fcr Studierende geht in die n\u00e4chste Runde!<\/a> Die Bewerbungen sind offen und wieder einmal bieten wir 25 Studierenden die M\u00f6glichkeit, sich im Bereich IoT weiterzubilden und bei uns ein Teilzeit Praktikum im Bereich IoT zu absolvieren.<\/p>\n<p>Willkommen zu Teil 2 unserer Interviewreihe \u00fcber unser Iot Talent Programm f\u00fcr Studierende mit allen Infos und Insights zum Programm. Heute m\u00f6chten wir die Rolle unserer Corporate Challenges im Programm genauer betrachten, die Vorteile einer Teilnahme als Student*in diskutieren und erkl\u00e4ren, wie sich das Programm von anderen Stipendienprogrammen f\u00fcr Studierende auf dem Markt unterscheidet. Au\u00dferdem erkl\u00e4rt uns Programm Manager Rene, wie das IoT Talent Programm den Studierenden hilft, ein erfolgreiches Netzwerk mit potenziellen Arbeitgebern und Branchenkontakten innerhalb des 10-w\u00f6chigen Programms aufzubauen.<\/p>\n<p>Hast Du den ersten Teil noch nicht gelesen? Dann schau auf jeden Fall hier vorbei!<\/p>\n\t\t\t\t\t\t\t\t<\/div>\n\t\t\t\t<\/div>\n\t\t\t\t<div class=\"elementor-element elementor-element-f6e20b6 elementor-widget elementor-widget-table-of-contents\" data-id=\"f6e20b6\" data-element_type=\"widget\" data-e-type=\"widget\" data-settings=\"{&quot;headings_by_tags&quot;:[&quot;h2&quot;],&quot;exclude_headings_by_selector&quot;:&quot;#tips, #zwei&quot;,&quot;marker_view&quot;:&quot;numbers&quot;,&quot;no_headings_message&quot;:&quot;Es wurden keine \\u00dcberschriften auf dieser Seite gefunden.&quot;,&quot;hierarchical_view&quot;:&quot;yes&quot;,&quot;min_height&quot;:{&quot;unit&quot;:&quot;px&quot;,&quot;size&quot;:&quot;&quot;,&quot;sizes&quot;:[]},&quot;min_height_widescreen&quot;:{&quot;unit&quot;:&quot;px&quot;,&quot;size&quot;:&quot;&quot;,&quot;sizes&quot;:[]},&quot;min_height_laptop&quot;:{&quot;unit&quot;:&quot;px&quot;,&quot;size&quot;:&quot;&quot;,&quot;sizes&quot;:[]},&quot;min_height_tablet&quot;:{&quot;unit&quot;:&quot;px&quot;,&quot;size&quot;:&quot;&quot;,&quot;sizes&quot;:[]},&quot;min_height_mobile&quot;:{&quot;unit&quot;:&quot;px&quot;,&quot;size&quot;:&quot;&quot;,&quot;sizes&quot;:[]}}\" data-widget_type=\"table-of-contents.default\">\n\t\t\t\t<div class=\"elementor-widget-container\">\n\t\t\t\t\t\t\t\t\t<div id=\"elementor-toc__f6e20b6\" class=\"elementor-toc__body\">\n\t\t\t<div class=\"elementor-toc__spinner-container\">\n\t\t\t\t<i class=\"elementor-toc__spinner eicon-animation-spin eicon-loading\" aria-hidden=\"true\"><\/i>\t\t\t<\/div>\n\t\t<\/div>\n\t\t\t\t\t\t<\/div>\n\t\t\t\t<\/div>\n\t\t\t\t\t<\/div>\n\t\t<\/div>\n\t\t\t\t\t<\/div>\n\t\t<\/section>\n\t\t\t\t<section data-particle_enable=\"false\" data-particle-mobile-disabled=\"false\" class=\"elementor-section elementor-top-section elementor-element elementor-element-7c1674a elementor-section-boxed elementor-section-height-default elementor-section-height-default\" data-id=\"7c1674a\" data-element_type=\"section\" data-e-type=\"section\">\n\t\t\t\t\t\t<div class=\"elementor-container elementor-column-gap-default\">\n\t\t\t\t\t<div class=\"elementor-column elementor-col-100 elementor-top-column elementor-element elementor-element-4cff3da\" data-id=\"4cff3da\" data-element_type=\"column\" data-e-type=\"column\">\n\t\t\t<div class=\"elementor-widget-wrap elementor-element-populated\">\n\t\t\t\t\t\t<div class=\"elementor-element elementor-element-871371a elementor-widget elementor-widget-heading\" data-id=\"871371a\" data-element_type=\"widget\" data-e-type=\"widget\" data-widget_type=\"heading.default\">\n\t\t\t\t<div class=\"elementor-widget-container\">\n\t\t\t\t\t<h2 class=\"elementor-heading-title elementor-size-default\">FIRST THINGS FIRST: DIE ZENTRALEN VORTEILE DES PROGRAMMS F\u00dcR STUDIERENDE<\/h2>\t\t\t\t<\/div>\n\t\t\t\t<\/div>\n\t\t\t\t<div class=\"elementor-element elementor-element-58ce09d elementor-hidden-mobile elementor-widget elementor-widget-heading\" data-id=\"58ce09d\" data-element_type=\"widget\" data-e-type=\"widget\" data-widget_type=\"heading.default\">\n\t\t\t\t<div class=\"elementor-widget-container\">\n\t\t\t\t\t<h3 class=\"elementor-heading-title elementor-size-default\">Nimm an unserem IoT Talent Programm f\u00fcr Studierende teil, erwirb praktische F\u00e4higkeiten, erweitere Dein Fachwissen, erhalte Zugang zu modernen Maschinen, erhalte das offizielle Zertifikat und vieles mehr!<\/h3>\t\t\t\t<\/div>\n\t\t\t\t<\/div>\n\t\t\t\t<div class=\"elementor-element elementor-element-ccaeac9 elementor-hidden-widescreen elementor-hidden-desktop elementor-hidden-laptop elementor-hidden-tablet elementor-widget elementor-widget-text-editor\" data-id=\"ccaeac9\" data-element_type=\"widget\" data-e-type=\"widget\" data-widget_type=\"text-editor.default\">\n\t\t\t\t<div class=\"elementor-widget-container\">\n\t\t\t\t\t\t\t\t\t<p><strong>Nimm an unserem IoT Talent Programm f\u00fcr Studierende teil, erwirb praktische F\u00e4higkeiten, erweitere Dein Fachwissen, erhalte Zugang zu modernen Maschinen, erhalte das offizielle Zertifikat und vieles mehr!<\/strong><\/p>\n\t\t\t\t\t\t\t\t<\/div>\n\t\t\t\t<\/div>\n\t\t\t\t<div class=\"elementor-element elementor-element-bbeadf9 elementor-widget-divider--view-line elementor-widget elementor-widget-divider\" data-id=\"bbeadf9\" data-element_type=\"widget\" data-e-type=\"widget\" data-widget_type=\"divider.default\">\n\t\t\t\t<div class=\"elementor-widget-container\">\n\t\t\t\t\t\t\t<div class=\"elementor-divider\">\n\t\t\t<span class=\"elementor-divider-separator\">\n\t\t\t\t\t\t<\/span>\n\t\t<\/div>\n\t\t\t\t\t\t<\/div>\n\t\t\t\t<\/div>\n\t\t\t\t\t<\/div>\n\t\t<\/div>\n\t\t\t\t\t<\/div>\n\t\t<\/section>\n\t\t\t\t<section data-particle_enable=\"false\" data-particle-mobile-disabled=\"false\" class=\"elementor-section elementor-top-section elementor-element elementor-element-7702df3 elementor-section-boxed elementor-section-height-default elementor-section-height-default\" data-id=\"7702df3\" data-element_type=\"section\" data-e-type=\"section\">\n\t\t\t\t\t\t<div class=\"elementor-container elementor-column-gap-default\">\n\t\t\t\t\t<div class=\"elementor-column elementor-col-100 elementor-top-column elementor-element elementor-element-b280a2a\" data-id=\"b280a2a\" data-element_type=\"column\" data-e-type=\"column\">\n\t\t\t<div class=\"elementor-widget-wrap elementor-element-populated\">\n\t\t\t\t\t\t<div class=\"elementor-element elementor-element-906ad30 elementor-widget elementor-widget-text-editor\" data-id=\"906ad30\" data-element_type=\"widget\" data-e-type=\"widget\" data-widget_type=\"text-editor.default\">\n\t\t\t\t<div class=\"elementor-widget-container\">\n\t\t\t\t\t\t\t\t\t<p>Unser <a href=\"http:\/\/motionlab.berlin\/de\/makeup-internet-der-dinge-programm\/\" target=\"_blank\" rel=\"noopener\">Iot Talent Programm<\/a> bietet Dir als Studierende*r viele verschiedene Vorteile. Diese Vorteile bilden eine gute Grundlage f\u00fcr Deine zuk\u00fcnftige Karriere in der IoT-Branche.<\/p>\n<p>Warum Du Dich bewerben solltest? Das sind Deine Vorteile:<\/p>\n<ul>\n<li aria-level=\"1\"><strong>Entwickle praktische F\u00e4higkeiten:<\/strong> Die Teilnahme am Programm erm\u00f6glicht es Dir mithilfe unserer Workshops ganz einfach praktische F\u00e4higkeiten wie 3D Druck, Laserschneiden, L\u00f6ten und Fr\u00e4sen zu verbessern und aufzubauen. Diese praktischen F\u00e4higkeiten sind in der IoT-Branche sehr wichtig!<\/li>\n<li aria-level=\"1\"><strong>Erweitere Dein Fachwissen:<\/strong> Sammle \u00fcber das theoretische Wissen hinaus praktische Methoden und Erfahrungen im Bereich IoT .<\/li>\n<li aria-level=\"1\"><strong>Zugang zu Maschinen und Makerspace in Berlin<\/strong>: Du hast kostenlosen Zugang zu modernsten Maschinen und unserem Makerspace. Dieser Zugang erm\u00f6glicht es Dir, zu experimentieren, Prototypen zu erstellen und Deine Ideen zu verwirklichen.<\/li>\n<\/ul>\n\t\t\t\t\t\t\t\t<\/div>\n\t\t\t\t<\/div>\n\t\t\t\t\t<\/div>\n\t\t<\/div>\n\t\t\t\t\t<\/div>\n\t\t<\/section>\n\t\t\t\t<section data-particle_enable=\"false\" data-particle-mobile-disabled=\"false\" class=\"elementor-section elementor-top-section elementor-element elementor-element-ab7d7bd elementor-section-boxed elementor-section-height-default elementor-section-height-default\" data-id=\"ab7d7bd\" data-element_type=\"section\" data-e-type=\"section\">\n\t\t\t\t\t\t<div class=\"elementor-container elementor-column-gap-default\">\n\t\t\t\t\t<div class=\"elementor-column elementor-col-50 elementor-top-column elementor-element elementor-element-dd3a386\" data-id=\"dd3a386\" data-element_type=\"column\" data-e-type=\"column\">\n\t\t\t<div class=\"elementor-widget-wrap elementor-element-populated\">\n\t\t\t\t\t\t<div class=\"elementor-element elementor-element-8cc8b1c elementor-widget elementor-widget-image\" data-id=\"8cc8b1c\" data-element_type=\"widget\" data-e-type=\"widget\" data-widget_type=\"image.default\">\n\t\t\t\t<div class=\"elementor-widget-container\">\n\t\t\t\t\t\t\t\t\t\t\t\t\t\t\t<img fetchpriority=\"high\" decoding=\"async\" width=\"800\" height=\"450\" src=\"https:\/\/motionlab.berlin\/wp-content\/uploads\/2023\/05\/iot-talent-program_iot_student-program-800x450.jpg\" class=\"attachment-ocean-thumb-ml size-ocean-thumb-ml wp-image-11403\" alt=\"Unser Iot Talent Programm bietet dir ein Stipendium sowie ein Praktikum im Bereich Iot mit offiziellem Zertifikat am Ende und vielen weiteren Vorteilen.\" \/>\t\t\t\t\t\t\t\t\t\t\t\t\t\t\t<\/div>\n\t\t\t\t<\/div>\n\t\t\t\t\t<\/div>\n\t\t<\/div>\n\t\t\t\t<div class=\"elementor-column elementor-col-50 elementor-top-column elementor-element elementor-element-a02fd38\" data-id=\"a02fd38\" data-element_type=\"column\" data-e-type=\"column\">\n\t\t\t<div class=\"elementor-widget-wrap elementor-element-populated\">\n\t\t\t\t\t\t<div class=\"elementor-element elementor-element-45c44e0 elementor-widget elementor-widget-image\" data-id=\"45c44e0\" data-element_type=\"widget\" data-e-type=\"widget\" data-widget_type=\"image.default\">\n\t\t\t\t<div class=\"elementor-widget-container\">\n\t\t\t\t\t\t\t\t\t\t\t\t\t\t\t<img decoding=\"async\" width=\"800\" height=\"450\" src=\"https:\/\/motionlab.berlin\/wp-content\/uploads\/2023\/05\/student-internship_student-scholarship_iot-program-800x450.jpg\" class=\"attachment-ocean-thumb-ml size-ocean-thumb-ml wp-image-11453\" alt=\"Unser &quot;IoT Talent Program&quot; ist die bessere Version eines studentischen Praktikums im Bereich IoT mit einem offiziellen Zertifikat zum Abschluss!\" \/>\t\t\t\t\t\t\t\t\t\t\t\t\t\t\t<\/div>\n\t\t\t\t<\/div>\n\t\t\t\t\t<\/div>\n\t\t<\/div>\n\t\t\t\t\t<\/div>\n\t\t<\/section>\n\t\t\t\t<section data-particle_enable=\"false\" data-particle-mobile-disabled=\"false\" class=\"elementor-section elementor-top-section elementor-element elementor-element-79466ca elementor-section-boxed elementor-section-height-default elementor-section-height-default\" data-id=\"79466ca\" data-element_type=\"section\" data-e-type=\"section\">\n\t\t\t\t\t\t<div class=\"elementor-container elementor-column-gap-default\">\n\t\t\t\t\t<div class=\"elementor-column elementor-col-100 elementor-top-column elementor-element elementor-element-b357a7a\" data-id=\"b357a7a\" data-element_type=\"column\" data-e-type=\"column\">\n\t\t\t<div class=\"elementor-widget-wrap elementor-element-populated\">\n\t\t\t\t\t\t<div class=\"elementor-element elementor-element-6aa928c elementor-widget elementor-widget-text-editor\" data-id=\"6aa928c\" data-element_type=\"widget\" data-e-type=\"widget\" data-widget_type=\"text-editor.default\">\n\t\t\t\t<div class=\"elementor-widget-container\">\n\t\t\t\t\t\t\t\t\t<ul>\n<li aria-level=\"1\"><strong>Zugang zu Branchenexperten und Coaching:<\/strong> Das Programm f\u00fcr Studierende bietet Dir Zugang zu Branchenexperten, die Dich anleiten, betreuen und unterst\u00fctzen. Du wirst von ihrem Wissen und ihren Insights profitieren k\u00f6nnen.<\/li>\n<li aria-level=\"1\"><strong>Erhalte die offizielle Zertifizierung:<\/strong> Nach erfolgreichem Abschluss des IoT Talent Programms erh\u00e4ltst Du ein offizielles Zertifikat von renommierten Organisationen wie dem <a href=\"https:\/\/www.bmwk.de\/Navigation\/EN\/Home\/home.html\" target=\"_blank\" rel=\"noopener\">BMWK<\/a>, <a href=\"https:\/\/www.de-hub.de\/\" target=\"_blank\" rel=\"noopener\">De-Hub<\/a> und dem <a href=\"https:\/\/www.iotplus.network\/\" target=\"_blank\" rel=\"noopener\">IoT+ Network<\/a>.&nbsp;<\/li>\n<li aria-level=\"1\"><strong>Input Sessions, Veranstaltungen und Workshops:<\/strong> Im Rahmen des Programm f\u00fcr Studierende im Bereich IoT hast Du die M\u00f6glichkeit, an Input Sessions, Veranstaltungen und Workshops teilzunehmen.&nbsp;<\/li>\n<li aria-level=\"1\"><strong>Networking mit zuk\u00fcnftigen Arbeitgebern:<\/strong> Mithilfe des Programms kannst Du sehr einfach Kontakte zu Experten kn\u00fcpfen. So schaffst Du es Beziehungen aufzubauen, Deine F\u00e4higkeiten zu pr\u00e4sentieren und zuk\u00fcnftige Besch\u00e4ftigungsm\u00f6glichkeiten zu erkunden.<\/li>\n<li aria-level=\"1\"><strong>Hochkar\u00e4tiger Scouting-Pool:<\/strong> Als Teilnehmer*in im Rahmen unseres IoT Programms geh\u00f6rst Du zu einem exklusiven, hochkar\u00e4tigen Scouting-Pool. Diese Zugeh\u00f6rigkeit zieht die Aufmerksamkeit von Personalvermittlern, Organisationen und Startups auf Dich, welche auf der Suche nach talentierten IoT-Fachkr\u00e4ften sind.<\/li>\n<\/ul>\t\t\t\t\t\t\t\t<\/div>\n\t\t\t\t<\/div>\n\t\t\t\t\t<\/div>\n\t\t<\/div>\n\t\t\t\t\t<\/div>\n\t\t<\/section>\n\t\t\t\t<section data-particle_enable=\"false\" data-particle-mobile-disabled=\"false\" class=\"elementor-section elementor-top-section elementor-element elementor-element-660b52b elementor-section-boxed elementor-section-height-default elementor-section-height-default\" data-id=\"660b52b\" data-element_type=\"section\" data-e-type=\"section\">\n\t\t\t\t\t\t<div class=\"elementor-container elementor-column-gap-default\">\n\t\t\t\t\t<div class=\"elementor-column elementor-col-100 elementor-top-column elementor-element elementor-element-348cd0a\" data-id=\"348cd0a\" data-element_type=\"column\" data-e-type=\"column\">\n\t\t\t<div class=\"elementor-widget-wrap elementor-element-populated\">\n\t\t\t\t\t\t<div class=\"elementor-element elementor-element-29ff402 elementor-widget elementor-widget-heading\" data-id=\"29ff402\" data-element_type=\"widget\" data-e-type=\"widget\" data-widget_type=\"heading.default\">\n\t\t\t\t<div class=\"elementor-widget-container\">\n\t\t\t\t\t<h2 class=\"elementor-heading-title elementor-size-default\">UNSERE CORPORATE CHALLENGES<\/h2>\t\t\t\t<\/div>\n\t\t\t\t<\/div>\n\t\t\t\t<div class=\"elementor-element elementor-element-4dc3a9f elementor-hidden-mobile elementor-widget elementor-widget-heading\" data-id=\"4dc3a9f\" data-element_type=\"widget\" data-e-type=\"widget\" data-widget_type=\"heading.default\">\n\t\t\t\t<div class=\"elementor-widget-container\">\n\t\t\t\t\t<h3 class=\"elementor-heading-title elementor-size-default\">Welche Rolle spielen die Corporate Challenges in unserem Programm f\u00fcr Studierende und wie helfen sie dabei, sich in der Branche zu etablieren?<\/h3>\t\t\t\t<\/div>\n\t\t\t\t<\/div>\n\t\t\t\t<div class=\"elementor-element elementor-element-355ec13 elementor-hidden-widescreen elementor-hidden-desktop elementor-hidden-laptop elementor-hidden-tablet elementor-widget elementor-widget-text-editor\" data-id=\"355ec13\" data-element_type=\"widget\" data-e-type=\"widget\" data-widget_type=\"text-editor.default\">\n\t\t\t\t<div class=\"elementor-widget-container\">\n\t\t\t\t\t\t\t\t\t<p><strong>Welche Rolle spielen die Corporate Challenges in unserem Programm f\u00fcr Studierende und wie helfen sie dabei, sich in der Branche zu etablieren?<\/strong><\/p>\n\t\t\t\t\t\t\t\t<\/div>\n\t\t\t\t<\/div>\n\t\t\t\t<div class=\"elementor-element elementor-element-80f1ef0 elementor-widget-divider--view-line elementor-widget elementor-widget-divider\" data-id=\"80f1ef0\" data-element_type=\"widget\" data-e-type=\"widget\" data-widget_type=\"divider.default\">\n\t\t\t\t<div class=\"elementor-widget-container\">\n\t\t\t\t\t\t\t<div class=\"elementor-divider\">\n\t\t\t<span class=\"elementor-divider-separator\">\n\t\t\t\t\t\t<\/span>\n\t\t<\/div>\n\t\t\t\t\t\t<\/div>\n\t\t\t\t<\/div>\n\t\t\t\t\t<\/div>\n\t\t<\/div>\n\t\t\t\t\t<\/div>\n\t\t<\/section>\n\t\t\t\t<section data-particle_enable=\"false\" data-particle-mobile-disabled=\"false\" class=\"elementor-section elementor-top-section elementor-element elementor-element-0026d02 elementor-section-boxed elementor-section-height-default elementor-section-height-default\" data-id=\"0026d02\" data-element_type=\"section\" data-e-type=\"section\">\n\t\t\t\t\t\t<div class=\"elementor-container elementor-column-gap-default\">\n\t\t\t\t\t<div class=\"elementor-column elementor-col-100 elementor-top-column elementor-element elementor-element-a7bbb67\" data-id=\"a7bbb67\" data-element_type=\"column\" data-e-type=\"column\">\n\t\t\t<div class=\"elementor-widget-wrap elementor-element-populated\">\n\t\t\t\t\t\t<section data-particle_enable=\"false\" data-particle-mobile-disabled=\"false\" class=\"elementor-section elementor-inner-section elementor-element elementor-element-83ee211 elementor-section-boxed elementor-section-height-default elementor-section-height-default\" data-id=\"83ee211\" data-element_type=\"section\" data-e-type=\"section\">\n\t\t\t\t\t\t<div class=\"elementor-container elementor-column-gap-default\">\n\t\t\t\t\t<div class=\"elementor-column elementor-col-100 elementor-inner-column elementor-element elementor-element-25063f7\" data-id=\"25063f7\" data-element_type=\"column\" data-e-type=\"column\">\n\t\t\t<div class=\"elementor-widget-wrap elementor-element-populated\">\n\t\t\t\t\t\t<div class=\"elementor-element elementor-element-4069fa1 elementor-widget elementor-widget-text-editor\" data-id=\"4069fa1\" data-element_type=\"widget\" data-e-type=\"widget\" data-widget_type=\"text-editor.default\">\n\t\t\t\t<div class=\"elementor-widget-container\">\n\t\t\t\t\t\t\t\t\t<p><a href=\"https:\/\/www.linkedin.com\/in\/ren%C3%A9-giese-334ba783\/\" target=\"_blank\" rel=\"noopener\">Ren\u00e9 Giese<\/a>:<\/p>\n<p>Unsere Corporate Challenges spielen eine wichtige Rolle im IoT Talent Programm f\u00fcr Studierende. Sie bieten den Studierenden eine wertvolle Gelegenheit, sich in der Branche zu etablieren. Die Challenges leiten sich direkt aus den praktischen Bed\u00fcrfnissen und realen Szenarien der an unserem Programm beteiligten Unternehmenspartner ab. Als Studentin oder Student bieten Dir die Challenges eine Vielzahl von M\u00f6glichkeiten und sind eine gute Alternative zu Teilzeitpraktika im Bereich IoT.<\/p>\n<p>Durch die Teilnahme an diesen Corporate Challenges sammelst Du Erfahrungen aus erster Hand bei der Bew\u00e4ltigung branchenspezifischer Probleme und der Zusammenarbeit mit anderen Studierenden. Ein solches kollaborative Umfeld f\u00f6rdert die Teamarbeit und innovatives Denken und macht die Studierenden mit der Dynamik realer IoT-Projekte vertraut. Du bist in der Lage, Dein theoretisches Wissen und Deine technischen F\u00e4higkeiten anzuwenden, um praktische Probleme in Unternehmen zu l\u00f6sen. Diese praktische Erfahrung verbessert nicht nur Deine Probleml\u00f6sungsf\u00e4higkeiten, sondern hilft Dir auch, ein tieferes Verst\u00e4ndnis f\u00fcr die Herausforderungen und Komplexit\u00e4ten der Branche zu entwickeln.<\/p>\n<p>Du bekommst die M\u00f6glichkeit, Deine F\u00e4higkeiten und Fertigkeiten potenziellen Arbeitgebern zu pr\u00e4sentieren. Bei erfolgreichem Durchlaufen der Challenge, beweist Du Deine praktischen F\u00e4higkeiten, Deine Anpassungsf\u00e4higkeit und Deine F\u00e4higkeit, in einem professionellen Umfeld zu arbeiten. Zudem kann es ebenso Deine Chancen auf ein Praktikum, einen Job oder eine Zusammenarbeit mit den am Programm beteiligten Unternehmenspartnern deutlich erh\u00f6hen.<\/p>\n\t\t\t\t\t\t\t\t<\/div>\n\t\t\t\t<\/div>\n\t\t\t\t\t<\/div>\n\t\t<\/div>\n\t\t\t\t\t<\/div>\n\t\t<\/section>\n\t\t\t\t\t<\/div>\n\t\t<\/div>\n\t\t\t\t\t<\/div>\n\t\t<\/section>\n\t\t\t\t<section data-particle_enable=\"false\" data-particle-mobile-disabled=\"false\" class=\"elementor-section elementor-top-section elementor-element elementor-element-82fe652 elementor-section-boxed elementor-section-height-default elementor-section-height-default\" data-id=\"82fe652\" data-element_type=\"section\" data-e-type=\"section\">\n\t\t\t\t\t\t<div class=\"elementor-container elementor-column-gap-default\">\n\t\t\t\t\t<div class=\"elementor-column elementor-col-100 elementor-top-column elementor-element elementor-element-6e5b7be\" data-id=\"6e5b7be\" data-element_type=\"column\" data-e-type=\"column\">\n\t\t\t<div class=\"elementor-widget-wrap elementor-element-populated\">\n\t\t\t\t\t\t<div class=\"elementor-element elementor-element-8652d32 elementor-widget elementor-widget-heading\" data-id=\"8652d32\" data-element_type=\"widget\" data-e-type=\"widget\" data-widget_type=\"heading.default\">\n\t\t\t\t<div class=\"elementor-widget-container\">\n\t\t\t\t\t<h2 class=\"elementor-heading-title elementor-size-default\">DIE CORPORATE CHALLENGES 2023<\/h2>\t\t\t\t<\/div>\n\t\t\t\t<\/div>\n\t\t\t\t<div class=\"elementor-element elementor-element-2ced3f8 elementor-hidden-mobile elementor-widget elementor-widget-heading\" data-id=\"2ced3f8\" data-element_type=\"widget\" data-e-type=\"widget\" data-widget_type=\"heading.default\">\n\t\t\t\t<div class=\"elementor-widget-container\">\n\t\t\t\t\t<h3 class=\"elementor-heading-title elementor-size-default\">Nutze die Chance und nimm an einer unserer Corporate Challenges im Rahmen unseres IoT Talent Programm f\u00fcr Studierende im Batch 2023 teil.<\/h3>\t\t\t\t<\/div>\n\t\t\t\t<\/div>\n\t\t\t\t<div class=\"elementor-element elementor-element-19815c1 elementor-hidden-widescreen elementor-hidden-desktop elementor-hidden-laptop elementor-hidden-tablet elementor-widget elementor-widget-text-editor\" data-id=\"19815c1\" data-element_type=\"widget\" data-e-type=\"widget\" data-widget_type=\"text-editor.default\">\n\t\t\t\t<div class=\"elementor-widget-container\">\n\t\t\t\t\t\t\t\t\t<p><strong>Nutze die Chance und nimm an einer unserer Challenges im kommenden Batch 2023 teil.<\/strong><\/p>\n\t\t\t\t\t\t\t\t<\/div>\n\t\t\t\t<\/div>\n\t\t\t\t<div class=\"elementor-element elementor-element-37da2f0 elementor-widget-divider--view-line elementor-widget elementor-widget-divider\" data-id=\"37da2f0\" data-element_type=\"widget\" data-e-type=\"widget\" data-widget_type=\"divider.default\">\n\t\t\t\t<div class=\"elementor-widget-container\">\n\t\t\t\t\t\t\t<div class=\"elementor-divider\">\n\t\t\t<span class=\"elementor-divider-separator\">\n\t\t\t\t\t\t<\/span>\n\t\t<\/div>\n\t\t\t\t\t\t<\/div>\n\t\t\t\t<\/div>\n\t\t\t\t\t<\/div>\n\t\t<\/div>\n\t\t\t\t\t<\/div>\n\t\t<\/section>\n\t\t\t\t<section data-particle_enable=\"false\" data-particle-mobile-disabled=\"false\" class=\"elementor-section elementor-top-section elementor-element elementor-element-2a1a963 elementor-section-boxed elementor-section-height-default elementor-section-height-default\" data-id=\"2a1a963\" data-element_type=\"section\" data-e-type=\"section\">\n\t\t\t\t\t\t<div class=\"elementor-container elementor-column-gap-default\">\n\t\t\t\t\t<div class=\"elementor-column elementor-col-33 elementor-top-column elementor-element elementor-element-eafaa84\" data-id=\"eafaa84\" data-element_type=\"column\" data-e-type=\"column\" data-settings=\"{&quot;background_background&quot;:&quot;classic&quot;}\">\n\t\t\t<div class=\"elementor-widget-wrap elementor-element-populated\">\n\t\t\t\t\t\t<div class=\"elementor-element elementor-element-9fc7c01 elementor-widget elementor-widget-image\" data-id=\"9fc7c01\" data-element_type=\"widget\" data-e-type=\"widget\" data-widget_type=\"image.default\">\n\t\t\t\t<div class=\"elementor-widget-container\">\n\t\t\t\t\t\t\t\t\t\t\t\t\t\t\t\t<a href=\"https:\/\/www.konvoi.eu\/\">\n\t\t\t\t\t\t\t<img decoding=\"async\" width=\"800\" height=\"450\" src=\"https:\/\/motionlab.berlin\/wp-content\/uploads\/2022\/09\/coworking-in-berlin_event-space-in-berlin-800x450.jpg\" class=\"attachment-ocean-thumb-ml size-ocean-thumb-ml wp-image-7207\" alt=\"\" \/>\t\t\t\t\t\t\t\t<\/a>\n\t\t\t\t\t\t\t\t\t\t\t\t\t\t\t<\/div>\n\t\t\t\t<\/div>\n\t\t\t\t<div class=\"elementor-element elementor-element-509a9e8 elementor-widget elementor-widget-text-editor\" data-id=\"509a9e8\" data-element_type=\"widget\" data-e-type=\"widget\" data-widget_type=\"text-editor.default\">\n\t\t\t\t<div class=\"elementor-widget-container\">\n\t\t\t\t\t\t\t\t\t<p><b><span class=\"markedContent\"><span dir=\"ltr\" role=\"presentation\">KONVOI<\/span><\/span><\/b><b><span id=\"page7R_mcid5\" class=\"markedContent\"><\/span><\/b><\/p>\n\t\t\t\t\t\t\t\t<\/div>\n\t\t\t\t<\/div>\n\t\t\t\t<div class=\"elementor-element elementor-element-032fbf8 elementor-widget elementor-widget-text-editor\" data-id=\"032fbf8\" data-element_type=\"widget\" data-e-type=\"widget\" data-widget_type=\"text-editor.default\">\n\t\t\t\t<div class=\"elementor-widget-container\">\n\t\t\t\t\t\t\t\t\t<p><span class=\"JsGRdQ\"><span class=\"S1PPyQ\"><strong>Eine Kameral\u00f6sung f\u00fcr die mobile Sicherheit im Stra\u00dfenverkehr<\/strong><br \/><\/span><\/span><\/p>\n\t\t\t\t\t\t\t\t<\/div>\n\t\t\t\t<\/div>\n\t\t\t\t<div class=\"elementor-element elementor-element-68507f2 elementor-widget elementor-widget-text-editor\" data-id=\"68507f2\" data-element_type=\"widget\" data-e-type=\"widget\" data-widget_type=\"text-editor.default\">\n\t\t\t\t<div class=\"elementor-widget-container\">\n\t\t\t\t\t\t\t\t\t<p><span class=\"JsGRdQ\">Tritt dem Team bei <\/span><span class=\"JsGRdQ\">und entwickle eine L\u00f6sung rund um die Challenge von <\/span> <span class=\"JsGRdQ\"><span class=\"S1PPyQ\"><a href=\"https:\/\/www.konvoi.eu\/\" target=\"_blank\" rel=\"noopener\">KONVOI .<\/a><\/span><\/span><span class=\"JsGRdQ\">Entwickle eine L\u00f6sung f\u00fcr vorhandene Radarsensoren, um sie mit einer datenschutzfreundlichen und nachts arbeitenden Kamera zu unterst\u00fctzen.<br \/><\/span><\/p>\n\t\t\t\t\t\t\t\t<\/div>\n\t\t\t\t<\/div>\n\t\t\t\t\t<\/div>\n\t\t<\/div>\n\t\t\t\t<div class=\"elementor-column elementor-col-33 elementor-top-column elementor-element elementor-element-4c15fd7\" data-id=\"4c15fd7\" data-element_type=\"column\" data-e-type=\"column\" data-settings=\"{&quot;background_background&quot;:&quot;classic&quot;}\">\n\t\t\t<div class=\"elementor-widget-wrap elementor-element-populated\">\n\t\t\t\t\t\t<div class=\"elementor-element elementor-element-b451c40 elementor-widget elementor-widget-image\" data-id=\"b451c40\" data-element_type=\"widget\" data-e-type=\"widget\" data-widget_type=\"image.default\">\n\t\t\t\t<div class=\"elementor-widget-container\">\n\t\t\t\t\t\t\t\t\t\t\t\t\t\t\t\t<a href=\"https:\/\/www.limendigital.com\/\">\n\t\t\t\t\t\t\t<img loading=\"lazy\" decoding=\"async\" width=\"800\" height=\"450\" src=\"https:\/\/motionlab.berlin\/wp-content\/uploads\/2023\/03\/limen_smart-home-800x450.jpg\" class=\"attachment-ocean-thumb-ml size-ocean-thumb-ml wp-image-10102\" alt=\"\" \/>\t\t\t\t\t\t\t\t<\/a>\n\t\t\t\t\t\t\t\t\t\t\t\t\t\t\t<\/div>\n\t\t\t\t<\/div>\n\t\t\t\t<div class=\"elementor-element elementor-element-24c3a93 elementor-widget elementor-widget-text-editor\" data-id=\"24c3a93\" data-element_type=\"widget\" data-e-type=\"widget\" data-widget_type=\"text-editor.default\">\n\t\t\t\t<div class=\"elementor-widget-container\">\n\t\t\t\t\t\t\t\t\t<p><b><span id=\"page7R_mcid5\" class=\"markedContent\"><span dir=\"ltr\" role=\"presentation\">LIMEN DIGITAL<br \/><\/span><\/span><\/b><\/p>\n\t\t\t\t\t\t\t\t<\/div>\n\t\t\t\t<\/div>\n\t\t\t\t<div class=\"elementor-element elementor-element-7941e70 elementor-widget elementor-widget-text-editor\" data-id=\"7941e70\" data-element_type=\"widget\" data-e-type=\"widget\" data-widget_type=\"text-editor.default\">\n\t\t\t\t<div class=\"elementor-widget-container\">\n\t\t\t\t\t\t\t\t\t<p><strong><span class=\"JsGRdQ\"><span class=\"S1PPyQ\"><span id=\"page7R_mcid17\" class=\"markedContent\"><span dir=\"ltr\" role=\"presentation\">D\u00fcfte, die datenbasierte Erlebnisse schaffen<\/span><\/span><\/span><\/span><\/strong><\/p>\n\t\t\t\t\t\t\t\t<\/div>\n\t\t\t\t<\/div>\n\t\t\t\t<div class=\"elementor-element elementor-element-b42a133 elementor-widget elementor-widget-text-editor\" data-id=\"b42a133\" data-element_type=\"widget\" data-e-type=\"widget\" data-widget_type=\"text-editor.default\">\n\t\t\t\t<div class=\"elementor-widget-container\">\n\t\t\t\t\t\t\t\t\t<p><span class=\"JsGRdQ\"><span id=\"page7R_mcid41\" class=\"markedContent\"><span dir=\"ltr\" role=\"presentation\">Arbeite zusammen mit <\/span><\/span><\/span><span class=\"JsGRdQ\"><span id=\"page7R_mcid40\" class=\"markedContent\"><span dir=\"ltr\" role=\"presentation\"><a href=\"https:\/\/www.limendigital.com\/\" target=\"_blank\" rel=\"noopener\">LIMEN<\/a><\/span><\/span><\/span><span class=\"JsGRdQ\"><span id=\"page7R_mcid41\" class=\"markedContent\"><span dir=\"ltr\" role=\"presentation\"> um ihr <span id=\"page7R_mcid33\" class=\"markedContent\">elektronisches System in eine skalierbare und modulare PCB<\/span>&#8211;<span id=\"page7R_mcid34\" class=\"markedContent\">Baugruppe<\/span> <span id=\"page7R_mcid32\" class=\"markedContent\">umzuwandeln<\/span> <span id=\"page7R_mcid35\" class=\"markedContent\">und<\/span> <span id=\"page7R_mcid36\" class=\"markedContent\">mit der Entwicklung der ersten App zu beginnen, die sowohl die Ger\u00e4testeuerung als auch <span id=\"page7R_mcid37\" class=\"markedContent\">Interaktion<\/span> erm\u00f6glicht.<\/span><\/span><\/span><\/span><\/p>\n\t\t\t\t\t\t\t\t<\/div>\n\t\t\t\t<\/div>\n\t\t\t\t\t<\/div>\n\t\t<\/div>\n\t\t\t\t<div class=\"elementor-column elementor-col-33 elementor-top-column elementor-element elementor-element-b01ee01\" data-id=\"b01ee01\" data-element_type=\"column\" data-e-type=\"column\" data-settings=\"{&quot;background_background&quot;:&quot;classic&quot;}\">\n\t\t\t<div class=\"elementor-widget-wrap elementor-element-populated\">\n\t\t\t\t\t\t<div class=\"elementor-element elementor-element-8559b59 elementor-widget elementor-widget-image\" data-id=\"8559b59\" data-element_type=\"widget\" data-e-type=\"widget\" data-widget_type=\"image.default\">\n\t\t\t\t<div class=\"elementor-widget-container\">\n\t\t\t\t\t\t\t\t\t\t\t\t\t\t\t\t<a href=\"https:\/\/motorskins.com\/\">\n\t\t\t\t\t\t\t<img loading=\"lazy\" decoding=\"async\" width=\"800\" height=\"450\" src=\"https:\/\/motionlab.berlin\/wp-content\/uploads\/2022\/12\/smart-material_Motorskins_startup-news-berlin-800x450.jpg\" class=\"attachment-ocean-thumb-ml size-ocean-thumb-ml wp-image-8527\" alt=\"\" \/>\t\t\t\t\t\t\t\t<\/a>\n\t\t\t\t\t\t\t\t\t\t\t\t\t\t\t<\/div>\n\t\t\t\t<\/div>\n\t\t\t\t<div class=\"elementor-element elementor-element-e1bf383 elementor-widget elementor-widget-text-editor\" data-id=\"e1bf383\" data-element_type=\"widget\" data-e-type=\"widget\" data-widget_type=\"text-editor.default\">\n\t\t\t\t<div class=\"elementor-widget-container\">\n\t\t\t\t\t\t\t\t\t<p><b><span id=\"page7R_mcid5\" class=\"markedContent\"><span dir=\"ltr\" role=\"presentation\">MOTORSKINS<br \/><\/span><\/span><\/b><\/p>\n\t\t\t\t\t\t\t\t<\/div>\n\t\t\t\t<\/div>\n\t\t\t\t<div class=\"elementor-element elementor-element-911fa93 elementor-widget elementor-widget-text-editor\" data-id=\"911fa93\" data-element_type=\"widget\" data-e-type=\"widget\" data-widget_type=\"text-editor.default\">\n\t\t\t\t<div class=\"elementor-widget-container\">\n\t\t\t\t\t\t\t\t\t<p><span class=\"JsGRdQ\"><span class=\"S1PPyQ\"><strong><span id=\"page8R_mcid23\" class=\"markedContent\"><span dir=\"ltr\" role=\"presentation\">Eine neue Kategorie von<\/span><\/span><span id=\"page8R_mcid24\" class=\"markedContent\"><br role=\"presentation\"> <span dir=\"ltr\" role=\"presentation\">Mensch-Maschine-Schnittstellen (HMI<\/span><\/span>)<\/strong><br \/><\/span><\/span><\/p>\n\t\t\t\t\t\t\t\t<\/div>\n\t\t\t\t<\/div>\n\t\t\t\t<div class=\"elementor-element elementor-element-b40add6 elementor-widget elementor-widget-text-editor\" data-id=\"b40add6\" data-element_type=\"widget\" data-e-type=\"widget\" data-widget_type=\"text-editor.default\">\n\t\t\t\t<div class=\"elementor-widget-container\">\n\t\t\t\t\t\t\t\t\t<p><span class=\"JsGRdQ\">Nimm an der<\/span> <span class=\"JsGRdQ\"><span id=\"page8R_mcid21\" class=\"markedContent\"><span dir=\"ltr\" role=\"presentation\"><a href=\"https:\/\/motorskins.com\/\" target=\"_blank\" rel=\"noopener\">MotorSkins<\/a><\/span><\/span><\/span> Challenge teil und <span class=\"JsGRdQ\">entwickle <span dir=\"ltr\" role=\"presentation\"><span id=\"page8R_mcid53\" class=\"markedContent\">neue innovative L\u00f6sungen, welche reaktive Textiltechnologie nutzen,<\/span><\/span> <span dir=\"ltr\" role=\"presentation\"><span id=\"page8R_mcid54\" class=\"markedContent\">um neue M\u00f6glichkeiten f\u00fcr die Zukunft von Wearables<\/span><\/span> <span id=\"page8R_mcid55\" class=\"markedContent\"><span dir=\"ltr\" role=\"presentation\">oder andere Bereiche<\/span><\/span> zu schaffen.<br \/><\/span><\/p>\n\t\t\t\t\t\t\t\t<\/div>\n\t\t\t\t<\/div>\n\t\t\t\t\t<\/div>\n\t\t<\/div>\n\t\t\t\t\t<\/div>\n\t\t<\/section>\n\t\t\t\t<section data-particle_enable=\"false\" data-particle-mobile-disabled=\"false\" class=\"elementor-section elementor-top-section elementor-element elementor-element-fa06e09 elementor-section-boxed elementor-section-height-default elementor-section-height-default\" data-id=\"fa06e09\" data-element_type=\"section\" data-e-type=\"section\">\n\t\t\t\t\t\t<div class=\"elementor-container elementor-column-gap-default\">\n\t\t\t\t\t<div class=\"elementor-column elementor-col-100 elementor-top-column elementor-element elementor-element-0234c5b\" data-id=\"0234c5b\" data-element_type=\"column\" data-e-type=\"column\">\n\t\t\t<div class=\"elementor-widget-wrap elementor-element-populated\">\n\t\t\t\t\t\t<div class=\"elementor-element elementor-element-c54f4d2 elementor-align-center elementor-widget elementor-widget-button\" data-id=\"c54f4d2\" data-element_type=\"widget\" data-e-type=\"widget\" data-widget_type=\"button.default\">\n\t\t\t\t<div class=\"elementor-widget-container\">\n\t\t\t\t\t\t\t\t\t<div class=\"elementor-button-wrapper\">\n\t\t\t\t\t<a class=\"elementor-button elementor-button-link elementor-size-md elementor-animation-grow\" href=\"http:\/\/motionlab.berlin\/wp-content\/uploads\/2023\/04\/2023.04_IoT-talent-program_MotionLab-Berin_Corporate-Challenges.pdf\" target=\"_blank\">\n\t\t\t\t\t\t<span class=\"elementor-button-content-wrapper\">\n\t\t\t\t\t\t\t\t\t<span class=\"elementor-button-text\">UNSERE CHALLENGES AUS DER UNTERNEHMENSPRAXIS 2023<\/span>\n\t\t\t\t\t<\/span>\n\t\t\t\t\t<\/a>\n\t\t\t\t<\/div>\n\t\t\t\t\t\t\t\t<\/div>\n\t\t\t\t<\/div>\n\t\t\t\t\t<\/div>\n\t\t<\/div>\n\t\t\t\t\t<\/div>\n\t\t<\/section>\n\t\t\t\t<section data-particle_enable=\"false\" data-particle-mobile-disabled=\"false\" class=\"elementor-section elementor-top-section elementor-element elementor-element-3f72924 elementor-section-boxed elementor-section-height-default elementor-section-height-default\" data-id=\"3f72924\" data-element_type=\"section\" data-e-type=\"section\">\n\t\t\t\t\t\t<div class=\"elementor-container elementor-column-gap-default\">\n\t\t\t\t\t<div class=\"elementor-column elementor-col-100 elementor-top-column elementor-element elementor-element-c1c41e2\" data-id=\"c1c41e2\" data-element_type=\"column\" data-e-type=\"column\">\n\t\t\t<div class=\"elementor-widget-wrap elementor-element-populated\">\n\t\t\t\t\t\t<div class=\"elementor-element elementor-element-df4491e elementor-widget elementor-widget-heading\" data-id=\"df4491e\" data-element_type=\"widget\" data-e-type=\"widget\" data-widget_type=\"heading.default\">\n\t\t\t\t<div class=\"elementor-widget-container\">\n\t\t\t\t\t<h2 class=\"elementor-heading-title elementor-size-default\">NETZWERK &amp; POTENZIELLE ARBEITGEBER<\/h2>\t\t\t\t<\/div>\n\t\t\t\t<\/div>\n\t\t\t\t<div class=\"elementor-element elementor-element-31fbd71 elementor-hidden-mobile elementor-widget elementor-widget-heading\" data-id=\"31fbd71\" data-element_type=\"widget\" data-e-type=\"widget\" data-widget_type=\"heading.default\">\n\t\t\t\t<div class=\"elementor-widget-container\">\n\t\t\t\t\t<h3 class=\"elementor-heading-title elementor-size-default\">Wie hilft das Stipendium den Studierenden, sich mit potenziellen Arbeitgebern und anderen Branchenkontakten zu vernetzen?<\/h3>\t\t\t\t<\/div>\n\t\t\t\t<\/div>\n\t\t\t\t<div class=\"elementor-element elementor-element-60f7b9b elementor-hidden-widescreen elementor-hidden-desktop elementor-hidden-laptop elementor-hidden-tablet elementor-widget elementor-widget-text-editor\" data-id=\"60f7b9b\" data-element_type=\"widget\" data-e-type=\"widget\" data-widget_type=\"text-editor.default\">\n\t\t\t\t<div class=\"elementor-widget-container\">\n\t\t\t\t\t\t\t\t\t<p><b>Wie hilft das Programm den Studierenden, sich mit potenziellen Arbeitgebern und anderen Branchenkontakten zu vernetzen?<\/b><\/p>\n\t\t\t\t\t\t\t\t<\/div>\n\t\t\t\t<\/div>\n\t\t\t\t<div class=\"elementor-element elementor-element-a25e20c elementor-widget-divider--view-line elementor-widget elementor-widget-divider\" data-id=\"a25e20c\" data-element_type=\"widget\" data-e-type=\"widget\" data-widget_type=\"divider.default\">\n\t\t\t\t<div class=\"elementor-widget-container\">\n\t\t\t\t\t\t\t<div class=\"elementor-divider\">\n\t\t\t<span class=\"elementor-divider-separator\">\n\t\t\t\t\t\t<\/span>\n\t\t<\/div>\n\t\t\t\t\t\t<\/div>\n\t\t\t\t<\/div>\n\t\t\t\t\t<\/div>\n\t\t<\/div>\n\t\t\t\t\t<\/div>\n\t\t<\/section>\n\t\t\t\t<section data-particle_enable=\"false\" data-particle-mobile-disabled=\"false\" class=\"elementor-section elementor-top-section elementor-element elementor-element-1a2ac04 elementor-section-boxed elementor-section-height-default elementor-section-height-default\" data-id=\"1a2ac04\" data-element_type=\"section\" data-e-type=\"section\">\n\t\t\t\t\t\t<div class=\"elementor-container elementor-column-gap-default\">\n\t\t\t\t\t<div class=\"elementor-column elementor-col-100 elementor-top-column elementor-element elementor-element-1b11c52\" data-id=\"1b11c52\" data-element_type=\"column\" data-e-type=\"column\">\n\t\t\t<div class=\"elementor-widget-wrap elementor-element-populated\">\n\t\t\t\t\t\t<div class=\"elementor-element elementor-element-e679d38 elementor-widget elementor-widget-text-editor\" data-id=\"e679d38\" data-element_type=\"widget\" data-e-type=\"widget\" data-widget_type=\"text-editor.default\">\n\t\t\t\t<div class=\"elementor-widget-container\">\n\t\t\t\t\t\t\t\t\t<p><a href=\"https:\/\/www.linkedin.com\/in\/ren%C3%A9-giese-334ba783\/\" target=\"_blank\" rel=\"noopener\">Ren\u00e9 Giese<\/a>:<\/p>\n<p>Das Programm f\u00f6rdert die Vernetzung durch verschiedene Veranstaltungen. Externe Veranstaltungen wie Messen, Konferenzen und branchenspezifische Treffen bieten Dir und anderen Studierenden die M\u00f6glichkeit, mit Fachleuten und Experten in Kontakt zu treten. Diese Veranstaltungen dienen als Networking-Plattformen, auf denen Studierende Gespr\u00e4che f\u00fchren, Ideen austauschen und Beziehungen zu potenziellen Arbeitgebern und Branchenkontakten aufbauen k\u00f6nnen.<\/p>\n<p>Interne Veranstaltungen im Rahmen des IoT Talent Programm f\u00fcr Studierende spielen ebenfalls eine wichtige Rolle bei der Vernetzung. Unter anderem Vortr\u00e4ge von Branchenf\u00fchrern bieten den Studierenden direkte Kontakte und die M\u00f6glichkeit, Fragen zu stellen und sich mit erfahrenen Fachleuten auszutauschen. <\/p>\n<p>Au\u00dferdem f\u00f6rdert das Programm f\u00fcr Studierende den direkten Kontakt zwischen Studenten und potenziellen Arbeitgebern durch unternehmerische Challenges. Bei der Arbeit an diesen Challenges arbeiten die Studierenden direkt mit Unternehmenspartnern zusammen, welche dabei reale Problemstellungen liefern. Der Aufbau von Beziehungen durch diese Challenges kann zu Praktika, Arbeitsm\u00f6glichkeiten oder weiteren Kooperationen mit den beteiligten Unternehmen f\u00fchren.<\/p><\/p>\n\t\t\t\t\t\t\t\t<\/div>\n\t\t\t\t<\/div>\n\t\t\t\t\t<\/div>\n\t\t<\/div>\n\t\t\t\t\t<\/div>\n\t\t<\/section>\n\t\t\t\t<section data-particle_enable=\"false\" data-particle-mobile-disabled=\"false\" class=\"elementor-section elementor-top-section elementor-element elementor-element-a940ffd elementor-section-boxed elementor-section-height-default elementor-section-height-default\" data-id=\"a940ffd\" data-element_type=\"section\" data-e-type=\"section\">\n\t\t\t\t\t\t<div class=\"elementor-container elementor-column-gap-default\">\n\t\t\t\t\t<div class=\"elementor-column elementor-col-33 elementor-top-column elementor-element elementor-element-e406509\" data-id=\"e406509\" data-element_type=\"column\" data-e-type=\"column\">\n\t\t\t<div class=\"elementor-widget-wrap elementor-element-populated\">\n\t\t\t\t\t\t<div class=\"elementor-element elementor-element-4a1e93a elementor-widget elementor-widget-image\" data-id=\"4a1e93a\" data-element_type=\"widget\" data-e-type=\"widget\" data-widget_type=\"image.default\">\n\t\t\t\t<div class=\"elementor-widget-container\">\n\t\t\t\t\t\t\t\t\t\t\t\t\t\t\t<img loading=\"lazy\" decoding=\"async\" width=\"600\" height=\"600\" src=\"https:\/\/motionlab.berlin\/wp-content\/uploads\/2023\/05\/student-internship_iot-internship_iot-certificate-600x600.jpg\" class=\"attachment-ocean-thumb-m size-ocean-thumb-m wp-image-11447\" alt=\"\" srcset=\"https:\/\/motionlab.berlin\/wp-content\/uploads\/2023\/05\/student-internship_iot-internship_iot-certificate-600x600.jpg 600w, https:\/\/motionlab.berlin\/wp-content\/uploads\/2023\/05\/student-internship_iot-internship_iot-certificate-150x150.jpg 150w, https:\/\/motionlab.berlin\/wp-content\/uploads\/2023\/05\/student-internship_iot-internship_iot-certificate-300x300.jpg 300w\" sizes=\"(max-width: 600px) 100vw, 600px\" \/>\t\t\t\t\t\t\t\t\t\t\t\t\t\t\t<\/div>\n\t\t\t\t<\/div>\n\t\t\t\t\t<\/div>\n\t\t<\/div>\n\t\t\t\t<div class=\"elementor-column elementor-col-33 elementor-top-column elementor-element elementor-element-1337ccd\" data-id=\"1337ccd\" data-element_type=\"column\" data-e-type=\"column\">\n\t\t\t<div class=\"elementor-widget-wrap elementor-element-populated\">\n\t\t\t\t\t\t<div class=\"elementor-element elementor-element-f1e308d elementor-widget elementor-widget-image\" data-id=\"f1e308d\" data-element_type=\"widget\" data-e-type=\"widget\" data-widget_type=\"image.default\">\n\t\t\t\t<div class=\"elementor-widget-container\">\n\t\t\t\t\t\t\t\t\t\t\t\t\t\t\t<img loading=\"lazy\" decoding=\"async\" width=\"600\" height=\"600\" src=\"https:\/\/motionlab.berlin\/wp-content\/uploads\/2023\/05\/iot-program_iot-certificate_student-internship-600x600.jpg\" class=\"attachment-ocean-thumb-m size-ocean-thumb-m wp-image-11451\" alt=\"\" srcset=\"https:\/\/motionlab.berlin\/wp-content\/uploads\/2023\/05\/iot-program_iot-certificate_student-internship-600x600.jpg 600w, https:\/\/motionlab.berlin\/wp-content\/uploads\/2023\/05\/iot-program_iot-certificate_student-internship-150x150.jpg 150w, https:\/\/motionlab.berlin\/wp-content\/uploads\/2023\/05\/iot-program_iot-certificate_student-internship-300x300.jpg 300w\" sizes=\"(max-width: 600px) 100vw, 600px\" \/>\t\t\t\t\t\t\t\t\t\t\t\t\t\t\t<\/div>\n\t\t\t\t<\/div>\n\t\t\t\t\t<\/div>\n\t\t<\/div>\n\t\t\t\t<div class=\"elementor-column elementor-col-33 elementor-top-column elementor-element elementor-element-59694f2\" data-id=\"59694f2\" data-element_type=\"column\" data-e-type=\"column\">\n\t\t\t<div class=\"elementor-widget-wrap elementor-element-populated\">\n\t\t\t\t\t\t<div class=\"elementor-element elementor-element-11c0fa6 elementor-widget elementor-widget-image\" data-id=\"11c0fa6\" data-element_type=\"widget\" data-e-type=\"widget\" data-widget_type=\"image.default\">\n\t\t\t\t<div class=\"elementor-widget-container\">\n\t\t\t\t\t\t\t\t\t\t\t\t\t\t\t<img loading=\"lazy\" decoding=\"async\" width=\"600\" height=\"600\" src=\"https:\/\/motionlab.berlin\/wp-content\/uploads\/2023\/05\/iot-talent-program_iot-program-berlin-600x600.jpg\" class=\"attachment-ocean-thumb-m size-ocean-thumb-m wp-image-11449\" alt=\"Get to know market leaders within our IoT Talent Program - a better version of a student internship in IoT with an official certificate at the end!\" srcset=\"https:\/\/motionlab.berlin\/wp-content\/uploads\/2023\/05\/iot-talent-program_iot-program-berlin-600x600.jpg 600w, https:\/\/motionlab.berlin\/wp-content\/uploads\/2023\/05\/iot-talent-program_iot-program-berlin-150x150.jpg 150w, https:\/\/motionlab.berlin\/wp-content\/uploads\/2023\/05\/iot-talent-program_iot-program-berlin-300x300.jpg 300w\" sizes=\"(max-width: 600px) 100vw, 600px\" \/>\t\t\t\t\t\t\t\t\t\t\t\t\t\t\t<\/div>\n\t\t\t\t<\/div>\n\t\t\t\t\t<\/div>\n\t\t<\/div>\n\t\t\t\t\t<\/div>\n\t\t<\/section>\n\t\t\t\t<section data-particle_enable=\"false\" data-particle-mobile-disabled=\"false\" class=\"elementor-section elementor-top-section elementor-element elementor-element-51d61a8 elementor-section-boxed elementor-section-height-default elementor-section-height-default\" data-id=\"51d61a8\" data-element_type=\"section\" data-e-type=\"section\">\n\t\t\t\t\t\t<div class=\"elementor-container elementor-column-gap-default\">\n\t\t\t\t\t<div class=\"elementor-column elementor-col-100 elementor-top-column elementor-element elementor-element-909b43a\" data-id=\"909b43a\" data-element_type=\"column\" data-e-type=\"column\">\n\t\t\t<div class=\"elementor-widget-wrap elementor-element-populated\">\n\t\t\t\t\t\t<div class=\"elementor-element elementor-element-0024dc0 elementor-widget elementor-widget-heading\" data-id=\"0024dc0\" data-element_type=\"widget\" data-e-type=\"widget\" data-widget_type=\"heading.default\">\n\t\t\t\t<div class=\"elementor-widget-container\">\n\t\t\t\t\t<h2 class=\"elementor-heading-title elementor-size-default\">WIE SICH DAS PROGRAMM F\u00dcR STUDIERENDE VON ANDEREN BILDUNGSPROGRAMMEN ABHEBT<\/h2>\t\t\t\t<\/div>\n\t\t\t\t<\/div>\n\t\t\t\t<div class=\"elementor-element elementor-element-9b32706 elementor-hidden-mobile elementor-widget elementor-widget-heading\" data-id=\"9b32706\" data-element_type=\"widget\" data-e-type=\"widget\" data-widget_type=\"heading.default\">\n\t\t\t\t<div class=\"elementor-widget-container\">\n\t\t\t\t\t<h3 class=\"elementor-heading-title elementor-size-default\">Was ist das Besondere am IoT Talent Programm f\u00fcr Studierende? Wodurch hebt sich das Programm von anderen IoT Bildungsprogrammen ab?<\/h3>\t\t\t\t<\/div>\n\t\t\t\t<\/div>\n\t\t\t\t<div class=\"elementor-element elementor-element-9ca2d06 elementor-hidden-widescreen elementor-hidden-desktop elementor-hidden-laptop elementor-hidden-tablet elementor-widget elementor-widget-text-editor\" data-id=\"9ca2d06\" data-element_type=\"widget\" data-e-type=\"widget\" data-widget_type=\"text-editor.default\">\n\t\t\t\t<div class=\"elementor-widget-container\">\n\t\t\t\t\t\t\t\t\t<p><b>Was ist das Besondere am IoT Talent Programm? Wodurch hebt sich das Programm von anderen IoT Bildungsprogrammen ab?<\/b><\/p>\n\t\t\t\t\t\t\t\t<\/div>\n\t\t\t\t<\/div>\n\t\t\t\t<div class=\"elementor-element elementor-element-b150e27 elementor-widget-divider--view-line elementor-widget elementor-widget-divider\" data-id=\"b150e27\" data-element_type=\"widget\" data-e-type=\"widget\" data-widget_type=\"divider.default\">\n\t\t\t\t<div class=\"elementor-widget-container\">\n\t\t\t\t\t\t\t<div class=\"elementor-divider\">\n\t\t\t<span class=\"elementor-divider-separator\">\n\t\t\t\t\t\t<\/span>\n\t\t<\/div>\n\t\t\t\t\t\t<\/div>\n\t\t\t\t<\/div>\n\t\t\t\t\t<\/div>\n\t\t<\/div>\n\t\t\t\t\t<\/div>\n\t\t<\/section>\n\t\t\t\t<section data-particle_enable=\"false\" data-particle-mobile-disabled=\"false\" class=\"elementor-section elementor-top-section elementor-element elementor-element-2c4ac8c elementor-section-boxed elementor-section-height-default elementor-section-height-default\" data-id=\"2c4ac8c\" data-element_type=\"section\" data-e-type=\"section\">\n\t\t\t\t\t\t<div class=\"elementor-container elementor-column-gap-default\">\n\t\t\t\t\t<div class=\"elementor-column elementor-col-100 elementor-top-column elementor-element elementor-element-f4341f2\" data-id=\"f4341f2\" data-element_type=\"column\" data-e-type=\"column\">\n\t\t\t<div class=\"elementor-widget-wrap elementor-element-populated\">\n\t\t\t\t\t\t<div class=\"elementor-element elementor-element-66a9673 elementor-widget elementor-widget-text-editor\" data-id=\"66a9673\" data-element_type=\"widget\" data-e-type=\"widget\" data-widget_type=\"text-editor.default\">\n\t\t\t\t<div class=\"elementor-widget-container\">\n\t\t\t\t\t\t\t\t\t<p><a href=\"https:\/\/www.linkedin.com\/in\/ren%C3%A9-giese-334ba783\/\" target=\"_blank\" rel=\"noopener\">Ren\u00e9 Giese<\/a>:<\/p>\n<p>Das IoT Talent Programm f\u00fcr Studierende unterscheidet sich in mehrfacher Hinsicht von anderen IoT-Bildungsprogrammen.<\/p>\n\t\t\t\t\t\t\t\t<\/div>\n\t\t\t\t<\/div>\n\t\t\t\t<div class=\"elementor-element elementor-element-1ab5d5a elementor-icon-list--layout-traditional elementor-list-item-link-full_width elementor-widget elementor-widget-icon-list\" data-id=\"1ab5d5a\" data-element_type=\"widget\" data-e-type=\"widget\" data-widget_type=\"icon-list.default\">\n\t\t\t\t<div class=\"elementor-widget-container\">\n\t\t\t\t\t\t\t<ul class=\"elementor-icon-list-items\">\n\t\t\t\t\t\t\t<li class=\"elementor-icon-list-item\">\n\t\t\t\t\t\t\t\t\t\t\t<span class=\"elementor-icon-list-icon\">\n\t\t\t\t\t\t\t<i aria-hidden=\"true\" class=\"fas fa-chevron-right\"><\/i>\t\t\t\t\t\t<\/span>\n\t\t\t\t\t\t\t\t\t\t<span class=\"elementor-icon-list-text\"><b>Offizielle Zertifizierung<\/b> <br> Das Programm verf\u00fcgt \u00fcber eine offizielle Zertifizierungen des Bundesministeriums f\u00fcr Wirtschaft und Klimaschutz (BMWK), des IoT+ Network und von De-Hub. Die Zertifizierung best\u00e4tigt die Qualit\u00e4t und Anerkennung des Programms in der Branche und gibt den Studierenden die Gewissheit, dass sie an einem vertrauensw\u00fcrdigen und seri\u00f6sen IoT Programm f\u00fcr Studierende teilnehmen.<\/span>\n\t\t\t\t\t\t\t\t\t<\/li>\n\t\t\t\t\t\t\t\t<li class=\"elementor-icon-list-item\">\n\t\t\t\t\t\t\t\t\t\t\t<span class=\"elementor-icon-list-icon\">\n\t\t\t\t\t\t\t<i aria-hidden=\"true\" class=\"fas fa-chevron-right\"><\/i>\t\t\t\t\t\t<\/span>\n\t\t\t\t\t\t\t\t\t\t<span class=\"elementor-icon-list-text\"><b>Praxisnaher Ansatz<\/b><br> Im Rahmen des Programms hast Du die M\u00f6glichkeit, Dich aktiv mit IoT-Technologien, -Werkzeugen und -Techniken auseinanderzusetzen, z. B. durch praktische Workshops, Challenges aus der Industrie und Prototypen Entwicklung. Diese praktische Erfahrung erm\u00f6glicht es Dir, praktische F\u00e4higkeiten, Probleml\u00f6sungskompetenz und ein tieferes Verst\u00e4ndnis f\u00fcr IoT-Konzepte zu entwickeln.<\/span>\n\t\t\t\t\t\t\t\t\t<\/li>\n\t\t\t\t\t\t\t\t<li class=\"elementor-icon-list-item\">\n\t\t\t\t\t\t\t\t\t\t\t<span class=\"elementor-icon-list-icon\">\n\t\t\t\t\t\t\t<i aria-hidden=\"true\" class=\"fas fa-chevron-right\"><\/i>\t\t\t\t\t\t<\/span>\n\t\t\t\t\t\t\t\t\t\t<span class=\"elementor-icon-list-text\"><b>Integration in das Innovations\u00f6kosystem<\/b><br> Dieses \u00d6kosystem verschafft Dir durch Dein Stipendium im Programm einen einzigartigen Zugang zu einem lebendigen und dynamischen Umfeld, in dem Innovationen gedeihen. Arbeite mit Startups, Unternehmern und Branchenexperten zusammen und erhalte Einblick in die neuesten Entwicklungen.<\/span>\n\t\t\t\t\t\t\t\t\t<\/li>\n\t\t\t\t\t\t\t\t<li class=\"elementor-icon-list-item\">\n\t\t\t\t\t\t\t\t\t\t\t<span class=\"elementor-icon-list-icon\">\n\t\t\t\t\t\t\t<i aria-hidden=\"true\" class=\"fas fa-chevron-right\"><\/i>\t\t\t\t\t\t<\/span>\n\t\t\t\t\t\t\t\t\t\t<span class=\"elementor-icon-list-text\"><b>Zusammenarbeit mit f\u00fchrenden Unternehmen<\/b><br> Profitiere vom direkten Kontakt mit Fachleuten aus der Branche, potenziellen Arbeitgebern und Mentoren, die Dir Einblicke in die reale Welt geben und Dich beraten k\u00f6nnen.<\/span>\n\t\t\t\t\t\t\t\t\t<\/li>\n\t\t\t\t\t\t<\/ul>\n\t\t\t\t\t\t<\/div>\n\t\t\t\t<\/div>\n\t\t\t\t\t<\/div>\n\t\t<\/div>\n\t\t\t\t\t<\/div>\n\t\t<\/section>\n\t\t\t\t<section data-particle_enable=\"false\" data-particle-mobile-disabled=\"false\" class=\"elementor-section elementor-top-section elementor-element elementor-element-ecc2c67 elementor-section-boxed elementor-section-height-default elementor-section-height-default\" data-id=\"ecc2c67\" data-element_type=\"section\" data-e-type=\"section\">\n\t\t\t\t\t\t<div class=\"elementor-container elementor-column-gap-default\">\n\t\t\t\t\t<div class=\"elementor-column elementor-col-100 elementor-top-column elementor-element elementor-element-706b51f\" data-id=\"706b51f\" data-element_type=\"column\" data-e-type=\"column\">\n\t\t\t<div class=\"elementor-widget-wrap elementor-element-populated\">\n\t\t\t\t\t\t<div class=\"elementor-element elementor-element-46afce1 elementor-widget elementor-widget-heading\" data-id=\"46afce1\" data-element_type=\"widget\" data-e-type=\"widget\" data-widget_type=\"heading.default\">\n\t\t\t\t<div class=\"elementor-widget-container\">\n\t\t\t\t\t<h3 class=\"elementor-heading-title elementor-size-default\">JETZT BIST DU DRAN - BEWIRB DICH JETZT!<\/h3>\t\t\t\t<\/div>\n\t\t\t\t<\/div>\n\t\t\t\t<div class=\"elementor-element elementor-element-80a06aa elementor-widget-divider--view-line elementor-widget elementor-widget-divider\" data-id=\"80a06aa\" data-element_type=\"widget\" data-e-type=\"widget\" data-widget_type=\"divider.default\">\n\t\t\t\t<div class=\"elementor-widget-container\">\n\t\t\t\t\t\t\t<div class=\"elementor-divider\">\n\t\t\t<span class=\"elementor-divider-separator\">\n\t\t\t\t\t\t<\/span>\n\t\t<\/div>\n\t\t\t\t\t\t<\/div>\n\t\t\t\t<\/div>\n\t\t\t\t<section data-particle_enable=\"false\" data-particle-mobile-disabled=\"false\" class=\"elementor-section elementor-inner-section elementor-element elementor-element-a117aa0 elementor-hidden-tablet elementor-section-boxed elementor-section-height-default elementor-section-height-default\" data-id=\"a117aa0\" data-element_type=\"section\" data-e-type=\"section\">\n\t\t\t\t\t\t<div class=\"elementor-container elementor-column-gap-default\">\n\t\t\t\t\t<div class=\"elementor-column elementor-col-50 elementor-inner-column elementor-element elementor-element-0f01929\" data-id=\"0f01929\" data-element_type=\"column\" data-e-type=\"column\">\n\t\t\t<div class=\"elementor-widget-wrap elementor-element-populated\">\n\t\t\t\t\t\t<div class=\"elementor-element elementor-element-76894af elementor-widget elementor-widget-image\" data-id=\"76894af\" data-element_type=\"widget\" data-e-type=\"widget\" data-widget_type=\"image.default\">\n\t\t\t\t<div class=\"elementor-widget-container\">\n\t\t\t\t\t\t\t\t\t\t\t\t\t\t\t<img decoding=\"async\" src=\"https:\/\/motionlab.berlin\/wp-content\/uploads\/elementor\/thumbs\/talent-acquisition_recruitment-events_iot-qxegkc9da1986lytpe1jtb7aziydsp2xzks7ltzkqo.jpg\" title=\"talent-acquisition_recruitment-events_iot\" alt=\"Join our IoT Talent Program Gradtuation day, get to know our tech talents and start a successful talent acquisition.\" loading=\"lazy\" \/>\t\t\t\t\t\t\t\t\t\t\t\t\t\t\t<\/div>\n\t\t\t\t<\/div>\n\t\t\t\t\t<\/div>\n\t\t<\/div>\n\t\t\t\t<div class=\"elementor-column elementor-col-50 elementor-inner-column elementor-element elementor-element-b9d1050\" data-id=\"b9d1050\" data-element_type=\"column\" data-e-type=\"column\">\n\t\t\t<div class=\"elementor-widget-wrap elementor-element-populated\">\n\t\t\t\t\t\t<div class=\"elementor-element elementor-element-66c004a elementor-widget elementor-widget-text-editor\" data-id=\"66c004a\" data-element_type=\"widget\" data-e-type=\"widget\" data-widget_type=\"text-editor.default\">\n\t\t\t\t<div class=\"elementor-widget-container\">\n\t\t\t\t\t\t\t\t\t<p>Danke Ren\u00e9 f\u00fcr die spannenden Einblicke in das Programm auch im zweiten Teil unseres Interviews!<\/p>\n<p>Hat das Programm Dein Interesse geweckt? Das 10-w\u00f6chige Programm f\u00fcr Studierende ist offen f\u00fcr alle Studierende, die an Universit\u00e4ten und Hochschulen in Berlin \/ Brandenburg studieren. Bachelor- und Masterstudierende, die mindestens im 5. Semester (Bachelor) sind und Teil eines lebendigen Netzwerks werden wollen, erhalten ein offizielles Zertifikat und Zugang zu exklusiven Jobangeboten.<\/p>\n<p><strong>Klingt das f\u00fcr Dich passend? Dann bewirb Dich jetzt bis zum 19.05. oder kontaktiere uns einfach f\u00fcr kommende Batches!<\/strong><\/p>\n<p>Batch 5 des<a href=\"https:\/\/www.linkedin.com\/feed\/hashtag\/?keywords=iot&amp;highlightedUpdateUrns=urn%3Ali%3Aactivity%3A7000860451655843840\"> #IoT-Talent-Programms<\/a> nur f\u00fcr Studierende und zuk\u00fcnftige IoT-Experten steht in den Startl\u00f6chern und die Bewerbungen sind jetzt offen! Sichere Dir eines von 20 exklusiven Stipendien f\u00fcr das IoT-Talentprogramm, f\u00fcr Studierende v\u00f6llig kostenlos. Erweitere Dein Wissen mit den F\u00e4higkeiten, die Deine Karriere im IoT auf die n\u00e4chste Stufe heben. Bewirb Dich bis zum 19. Mai 2023 und werde Teil unseres limitierten IoT-Talentprogramms f\u00fcr Studierende.<\/p>\n\t\t\t\t\t\t\t\t<\/div>\n\t\t\t\t<\/div>\n\t\t\t\t<div class=\"elementor-element elementor-element-e86757f elementor-align-center elementor-widget elementor-widget-button\" data-id=\"e86757f\" data-element_type=\"widget\" data-e-type=\"widget\" data-widget_type=\"button.default\">\n\t\t\t\t<div class=\"elementor-widget-container\">\n\t\t\t\t\t\t\t\t\t<div class=\"elementor-button-wrapper\">\n\t\t\t\t\t<a class=\"elementor-button elementor-button-link elementor-size-md elementor-animation-grow\" href=\"https:\/\/docs.google.com\/forms\/d\/e\/1FAIpQLSfY15tWLT0udmOm54MRq6Z5IjE6BnKLr9hbDzigR4Y5A13u9A\/viewform\" target=\"_blank\">\n\t\t\t\t\t\t<span class=\"elementor-button-content-wrapper\">\n\t\t\t\t\t\t\t\t\t<span class=\"elementor-button-text\">BEWIRB DICH F\u00dcR DAS IOT TALENT PROGRAM!<\/span>\n\t\t\t\t\t<\/span>\n\t\t\t\t\t<\/a>\n\t\t\t\t<\/div>\n\t\t\t\t\t\t\t\t<\/div>\n\t\t\t\t<\/div>\n\t\t\t\t\t<\/div>\n\t\t<\/div>\n\t\t\t\t\t<\/div>\n\t\t<\/section>\n\t\t\t\t<section data-particle_enable=\"false\" data-particle-mobile-disabled=\"false\" class=\"elementor-section elementor-inner-section elementor-element elementor-element-522ef42 elementor-hidden-widescreen elementor-hidden-desktop elementor-hidden-laptop elementor-hidden-mobile elementor-section-boxed elementor-section-height-default elementor-section-height-default\" data-id=\"522ef42\" data-element_type=\"section\" data-e-type=\"section\">\n\t\t\t\t\t\t<div class=\"elementor-container elementor-column-gap-default\">\n\t\t\t\t\t<div class=\"elementor-column elementor-col-100 elementor-inner-column elementor-element elementor-element-f820f60\" data-id=\"f820f60\" data-element_type=\"column\" data-e-type=\"column\">\n\t\t\t<div class=\"elementor-widget-wrap elementor-element-populated\">\n\t\t\t\t\t\t<div class=\"elementor-element elementor-element-fa9d9f9 elementor-widget elementor-widget-text-editor\" data-id=\"fa9d9f9\" data-element_type=\"widget\" data-e-type=\"widget\" data-widget_type=\"text-editor.default\">\n\t\t\t\t<div class=\"elementor-widget-container\">\n\t\t\t\t\t\t\t\t\t<p>Danke Ren\u00e9 f\u00fcr die spannenden Einblicke in das Programm auch im zweiten Teil unseres Interviews!<\/p>\n<p>Hat das Programm Dein Interesse geweckt? Das 10-w\u00f6chige Programm f\u00fcr Studierende ist offen f\u00fcr alle Studierenden, die an Universit\u00e4ten und Hochschulen in Berlin \/ Brandenburg studieren. Bachelor- und Masterstudierende, die mindestens im 5. Semester (Bachelor) sind und Teil eines lebendigen Netzwerks werden wollen, erhalten ein offizielles Zertifikat und Zugang zu exklusiven Jobangeboten.<\/p>\n<p><strong>Klingt das f\u00fcr Dich passend? Dann bewirb Dich jetzt bis zum 19.05. oder kontaktiere uns einfach f\u00fcr kommende Batches!<\/strong><\/p>\n<p>Batch 5 des<a href=\"https:\/\/www.linkedin.com\/feed\/hashtag\/?keywords=iot&amp;highlightedUpdateUrns=urn%3Ali%3Aactivity%3A7000860451655843840\"> #IoT-Talent-Programms<\/a> nur f\u00fcr Studierende und zuk\u00fcnftige IoT-Experten steht in den Startl\u00f6chern und die Bewerbungen sind jetzt offen! Sichere Dir eines von 20 exklusiven Stipendien f\u00fcr das IoT-Talentprogramm, f\u00fcr Studierende v\u00f6llig kostenlos. Erweitere Dein Wissen mit den F\u00e4higkeiten, die Deine Karriere im IoT auf die n\u00e4chste Stufe heben. Bewirb Dich bis zum 19. Mai 2023 und werde Teil unseres limitierten IoT-Talentprogramms f\u00fcr Studierende.<\/p>\n\t\t\t\t\t\t\t\t<\/div>\n\t\t\t\t<\/div>\n\t\t\t\t<div class=\"elementor-element elementor-element-d90e8e9 elementor-align-center elementor-widget elementor-widget-button\" data-id=\"d90e8e9\" data-element_type=\"widget\" data-e-type=\"widget\" data-widget_type=\"button.default\">\n\t\t\t\t<div class=\"elementor-widget-container\">\n\t\t\t\t\t\t\t\t\t<div class=\"elementor-button-wrapper\">\n\t\t\t\t\t<a class=\"elementor-button elementor-button-link elementor-size-md elementor-animation-grow\" href=\"https:\/\/docs.google.com\/forms\/d\/e\/1FAIpQLSfY15tWLT0udmOm54MRq6Z5IjE6BnKLr9hbDzigR4Y5A13u9A\/viewform\" target=\"_blank\">\n\t\t\t\t\t\t<span class=\"elementor-button-content-wrapper\">\n\t\t\t\t\t\t\t\t\t<span class=\"elementor-button-text\">BEWIRB DICH F\u00dcR DAS IOT TALENT PROGRAM!<\/span>\n\t\t\t\t\t<\/span>\n\t\t\t\t\t<\/a>\n\t\t\t\t<\/div>\n\t\t\t\t\t\t\t\t<\/div>\n\t\t\t\t<\/div>\n\t\t\t\t\t<\/div>\n\t\t<\/div>\n\t\t\t\t\t<\/div>\n\t\t<\/section>\n\t\t\t\t\t<\/div>\n\t\t<\/div>\n\t\t\t\t\t<\/div>\n\t\t<\/section>\n\t\t\t\t<section data-particle_enable=\"false\" data-particle-mobile-disabled=\"false\" class=\"elementor-section elementor-top-section elementor-element elementor-element-b168021 elementor-section-boxed elementor-section-height-default elementor-section-height-default\" data-id=\"b168021\" data-element_type=\"section\" data-e-type=\"section\">\n\t\t\t\t\t\t<div class=\"elementor-container elementor-column-gap-default\">\n\t\t\t\t\t<div class=\"elementor-column elementor-col-100 elementor-top-column elementor-element elementor-element-457b5df\" data-id=\"457b5df\" data-element_type=\"column\" data-e-type=\"column\">\n\t\t\t<div class=\"elementor-widget-wrap\">\n\t\t\t\t\t\t\t<\/div>\n\t\t<\/div>\n\t\t\t\t\t<\/div>\n\t\t<\/section>\n\t\t\t\t<section data-particle_enable=\"false\" data-particle-mobile-disabled=\"false\" class=\"elementor-section elementor-top-section elementor-element elementor-element-2efa300 elementor-section-boxed elementor-section-height-default elementor-section-height-default\" data-id=\"2efa300\" data-element_type=\"section\" data-e-type=\"section\">\n\t\t\t\t\t\t<div class=\"elementor-container elementor-column-gap-default\">\n\t\t\t\t\t<div class=\"elementor-column elementor-col-100 elementor-top-column elementor-element elementor-element-bac60c2\" data-id=\"bac60c2\" data-element_type=\"column\" data-e-type=\"column\">\n\t\t\t<div class=\"elementor-widget-wrap elementor-element-populated\">\n\t\t\t\t\t\t<div class=\"elementor-element elementor-element-a9a902f elementor-post-navigation-borders-yes elementor-widget elementor-widget-post-navigation\" data-id=\"a9a902f\" data-element_type=\"widget\" data-e-type=\"widget\" data-widget_type=\"post-navigation.default\">\n\t\t\t\t<div class=\"elementor-widget-container\">\n\t\t\t\t\t\t\t<div class=\"elementor-post-navigation\" role=\"navigation\" aria-label=\"Beitrag Navigation\">\n\t\t\t<div class=\"elementor-post-navigation__prev elementor-post-navigation__link\">\n\t\t\t\t<a href=\"https:\/\/motionlab.berlin\/de\/2023\/05\/11\/iot-talent-programm-im-ueberblick-interview-mit-rene-giese-teil-1\/\" rel=\"prev\"><span class=\"post-navigation__arrow-wrapper post-navigation__arrow-prev\"><i aria-hidden=\"true\" class=\"fas fa-angle-left\"><\/i><span class=\"elementor-screen-only\">Zur\u00fcck<\/span><\/span><span class=\"elementor-post-navigation__link__prev\"><span class=\"post-navigation__prev--label\">Vorheriger Artikel<\/span><span class=\"post-navigation__prev--title\">IoT Talent Programm im \u00dcberblick &#8211; Interview mit Ren\u00e9 Giese | Teil 1<\/span><\/span><\/a>\t\t\t<\/div>\n\t\t\t\t\t\t\t<div class=\"elementor-post-navigation__separator-wrapper\">\n\t\t\t\t\t<div class=\"elementor-post-navigation__separator\"><\/div>\n\t\t\t\t<\/div>\n\t\t\t\t\t\t<div class=\"elementor-post-navigation__next elementor-post-navigation__link\">\n\t\t\t\t<a href=\"https:\/\/motionlab.berlin\/de\/2023\/06\/08\/das-ist-kuenstler-designer-kim-sorensen\/\" rel=\"next\"><span class=\"elementor-post-navigation__link__next\"><span class=\"post-navigation__next--label\">N\u00e4chster Artikel<\/span><span class=\"post-navigation__next--title\">Das ist K\u00fcnstler &amp; Designer Kim S\u00f8rensen!<\/span><\/span><span class=\"post-navigation__arrow-wrapper post-navigation__arrow-next\"><i aria-hidden=\"true\" class=\"fas fa-angle-right\"><\/i><span class=\"elementor-screen-only\">N\u00e4chster<\/span><\/span><\/a>\t\t\t<\/div>\n\t\t<\/div>\n\t\t\t\t\t\t<\/div>\n\t\t\t\t<\/div>\n\t\t\t\t\t<\/div>\n\t\t<\/div>\n\t\t\t\t\t<\/div>\n\t\t<\/section>\n\t\t\t\t<\/div>\n\t\t","protected":false},"excerpt":{"rendered":"<p>Teil 2 &#8211; Willkommen zu unserer Interviewserie \u00fcber &#8222;Unser Iot Talent Programm in K\u00fcrze&#8220; mit Projektmanager Ren\u00e9. Heute sprechen wir \u00fcber die Corporate Challenges, diskutieren die Vorteile der Teilnahme und erkl\u00e4ren, wie sich das Programm von \u00e4hnlichen Programmen auf dem Markt unterscheidet.<\/p>\n","protected":false},"author":5,"featured_media":11447,"comment_status":"closed","ping_status":"closed","sticky":false,"template":"elementor_header_footer","format":"standard","meta":{"ocean_post_layout":"","ocean_both_sidebars_style":"","ocean_both_sidebars_content_width":0,"ocean_both_sidebars_sidebars_width":0,"ocean_sidebar":"0","ocean_second_sidebar":"0","ocean_disable_margins":"enable","ocean_add_body_class":"","ocean_shortcode_before_top_bar":"","ocean_shortcode_after_top_bar":"","ocean_shortcode_before_header":"","ocean_shortcode_after_header":"","ocean_has_shortcode":"","ocean_shortcode_after_title":"","ocean_shortcode_before_footer_widgets":"","ocean_shortcode_after_footer_widgets":"","ocean_shortcode_before_footer_bottom":"","ocean_shortcode_after_footer_bottom":"","ocean_display_top_bar":"off","ocean_display_header":"default","ocean_header_style":"top","ocean_center_header_left_menu":"0","ocean_custom_header_template":"0","ocean_custom_logo":0,"ocean_custom_retina_logo":0,"ocean_custom_logo_max_width":0,"ocean_custom_logo_tablet_max_width":0,"ocean_custom_logo_mobile_max_width":0,"ocean_custom_logo_max_height":0,"ocean_custom_logo_tablet_max_height":0,"ocean_custom_logo_mobile_max_height":0,"ocean_header_custom_menu":"0","ocean_menu_typo_font_family":"0","ocean_menu_typo_font_subset":"","ocean_menu_typo_font_size":0,"ocean_menu_typo_font_size_tablet":0,"ocean_menu_typo_font_size_mobile":0,"ocean_menu_typo_font_size_unit":"px","ocean_menu_typo_font_weight":"","ocean_menu_typo_font_weight_tablet":"","ocean_menu_typo_font_weight_mobile":"","ocean_menu_typo_transform":"","ocean_menu_typo_transform_tablet":"","ocean_menu_typo_transform_mobile":"","ocean_menu_typo_line_height":0,"ocean_menu_typo_line_height_tablet":0,"ocean_menu_typo_line_height_mobile":0,"ocean_menu_typo_line_height_unit":"","ocean_menu_typo_spacing":0,"ocean_menu_typo_spacing_tablet":0,"ocean_menu_typo_spacing_mobile":0,"ocean_menu_typo_spacing_unit":"","ocean_menu_link_color":"","ocean_menu_link_color_hover":"","ocean_menu_link_color_active":"","ocean_menu_link_background":"","ocean_menu_link_hover_background":"","ocean_menu_link_active_background":"","ocean_menu_social_links_bg":"","ocean_menu_social_hover_links_bg":"","ocean_menu_social_links_color":"","ocean_menu_social_hover_links_color":"","ocean_disable_title":"on","ocean_disable_heading":"default","ocean_post_title":"","ocean_post_subheading":"","ocean_post_title_style":"","ocean_post_title_background_color":"","ocean_post_title_background":0,"ocean_post_title_bg_image_position":"","ocean_post_title_bg_image_attachment":"","ocean_post_title_bg_image_repeat":"","ocean_post_title_bg_image_size":"","ocean_post_title_height":0,"ocean_post_title_bg_overlay":0.5,"ocean_post_title_bg_overlay_color":"","ocean_disable_breadcrumbs":"default","ocean_breadcrumbs_color":"","ocean_breadcrumbs_separator_color":"","ocean_breadcrumbs_links_color":"","ocean_breadcrumbs_links_hover_color":"","ocean_display_footer_widgets":"default","ocean_display_footer_bottom":"default","ocean_custom_footer_template":"0","ocean_post_oembed":"","ocean_post_self_hosted_media":"","ocean_post_video_embed":"","ocean_link_format":"","ocean_link_format_target":"self","ocean_quote_format":"","ocean_quote_format_link":"post","ocean_gallery_link_images":"off","ocean_gallery_id":[],"footnotes":""},"categories":[73],"tags":[],"class_list":["post-11636","post","type-post","status-publish","format-standard","has-post-thumbnail","hentry","category-programme","entry","has-media"],"yoast_head":"<!-- This site is optimized with the Yoast SEO Premium plugin v27.4 (Yoast SEO v27.4) - https:\/\/yoast.com\/product\/yoast-seo-premium-wordpress\/ -->\n<title>Challenges, Skills &amp; IoT - Unser Programm f\u00fcr Studierende | Blog<\/title>\n<meta name=\"description\" content=\"Unser IoT Talent Programm f\u00fcr Studierende geht in die n\u00e4chste Runde. Erfahre alle Details in unserem Interview mit Rene Giese!\" \/>\n<meta name=\"robots\" content=\"index, follow, max-snippet:-1, max-image-preview:large, max-video-preview:-1\" \/>\n<link rel=\"canonical\" href=\"https:\/\/motionlab.berlin\/de\/2023\/05\/16\/das-iot-talent-programm-in-kuerze-interview-mit-rene-giese-teil-2\/\" \/>\n<meta property=\"og:locale\" content=\"de_DE\" \/>\n<meta property=\"og:type\" content=\"article\" \/>\n<meta property=\"og:title\" content=\"Das IoT Talent Programm in K\u00fcrze - Interview mit Ren\u00e9 Giese | Teil 2\" \/>\n<meta property=\"og:description\" content=\"Unser IoT Talent Programm f\u00fcr Studierende geht in die n\u00e4chste Runde. Erfahre alle Details in unserem Interview mit Rene Giese!\" \/>\n<meta property=\"og:url\" content=\"https:\/\/motionlab.berlin\/de\/2023\/05\/16\/das-iot-talent-programm-in-kuerze-interview-mit-rene-giese-teil-2\/\" \/>\n<meta property=\"og:site_name\" content=\"MotionLab.Berlin\" \/>\n<meta property=\"article:published_time\" content=\"2023-05-16T15:40:39+00:00\" \/>\n<meta property=\"article:modified_time\" content=\"2023-06-08T14:58:45+00:00\" \/>\n<meta property=\"og:image\" content=\"https:\/\/motionlab.berlin\/wp-content\/uploads\/2023\/05\/student-internship_iot-internship_iot-certificate.jpg\" \/>\n\t<meta property=\"og:image:width\" content=\"1267\" \/>\n\t<meta property=\"og:image:height\" content=\"845\" \/>\n\t<meta property=\"og:image:type\" content=\"image\/jpeg\" \/>\n<meta name=\"author\" content=\"Fridtjof Gustavs\" \/>\n<meta name=\"twitter:card\" content=\"summary_large_image\" \/>\n<meta name=\"twitter:label1\" content=\"Verfasst von\" \/>\n\t<meta name=\"twitter:data1\" content=\"Fridtjof Gustavs\" \/>\n\t<meta name=\"twitter:label2\" content=\"Gesch\u00e4tzte Lesezeit\" \/>\n\t<meta name=\"twitter:data2\" content=\"9\u00a0Minuten\" \/>\n<script type=\"application\/ld+json\" class=\"yoast-schema-graph\">{\"@context\":\"https:\\\/\\\/schema.org\",\"@graph\":[{\"@type\":\"Article\",\"@id\":\"https:\\\/\\\/motionlab.berlin\\\/de\\\/2023\\\/05\\\/16\\\/das-iot-talent-programm-in-kuerze-interview-mit-rene-giese-teil-2\\\/#article\",\"isPartOf\":{\"@id\":\"https:\\\/\\\/motionlab.berlin\\\/de\\\/2023\\\/05\\\/16\\\/das-iot-talent-programm-in-kuerze-interview-mit-rene-giese-teil-2\\\/\"},\"author\":{\"name\":\"Fridtjof Gustavs\",\"@id\":\"https:\\\/\\\/motionlab.berlin\\\/de\\\/#\\\/schema\\\/person\\\/656268828e05ff8128d759d380dd8ba1\"},\"headline\":\"Das IoT Talent Programm in K\u00fcrze &#8211; Interview mit Ren\u00e9 Giese | Teil 2\",\"datePublished\":\"2023-05-16T15:40:39+00:00\",\"dateModified\":\"2023-06-08T14:58:45+00:00\",\"mainEntityOfPage\":{\"@id\":\"https:\\\/\\\/motionlab.berlin\\\/de\\\/2023\\\/05\\\/16\\\/das-iot-talent-programm-in-kuerze-interview-mit-rene-giese-teil-2\\\/\"},\"wordCount\":1857,\"publisher\":{\"@id\":\"https:\\\/\\\/motionlab.berlin\\\/de\\\/#organization\"},\"image\":{\"@id\":\"https:\\\/\\\/motionlab.berlin\\\/de\\\/2023\\\/05\\\/16\\\/das-iot-talent-programm-in-kuerze-interview-mit-rene-giese-teil-2\\\/#primaryimage\"},\"thumbnailUrl\":\"https:\\\/\\\/motionlab.berlin\\\/wp-content\\\/uploads\\\/2023\\\/05\\\/student-internship_iot-internship_iot-certificate.jpg\",\"articleSection\":[\"Programme\"],\"inLanguage\":\"de\"},{\"@type\":\"WebPage\",\"@id\":\"https:\\\/\\\/motionlab.berlin\\\/de\\\/2023\\\/05\\\/16\\\/das-iot-talent-programm-in-kuerze-interview-mit-rene-giese-teil-2\\\/\",\"url\":\"https:\\\/\\\/motionlab.berlin\\\/de\\\/2023\\\/05\\\/16\\\/das-iot-talent-programm-in-kuerze-interview-mit-rene-giese-teil-2\\\/\",\"name\":\"Challenges, Skills & IoT - Unser Programm f\u00fcr Studierende | Blog\",\"isPartOf\":{\"@id\":\"https:\\\/\\\/motionlab.berlin\\\/de\\\/#website\"},\"primaryImageOfPage\":{\"@id\":\"https:\\\/\\\/motionlab.berlin\\\/de\\\/2023\\\/05\\\/16\\\/das-iot-talent-programm-in-kuerze-interview-mit-rene-giese-teil-2\\\/#primaryimage\"},\"image\":{\"@id\":\"https:\\\/\\\/motionlab.berlin\\\/de\\\/2023\\\/05\\\/16\\\/das-iot-talent-programm-in-kuerze-interview-mit-rene-giese-teil-2\\\/#primaryimage\"},\"thumbnailUrl\":\"https:\\\/\\\/motionlab.berlin\\\/wp-content\\\/uploads\\\/2023\\\/05\\\/student-internship_iot-internship_iot-certificate.jpg\",\"datePublished\":\"2023-05-16T15:40:39+00:00\",\"dateModified\":\"2023-06-08T14:58:45+00:00\",\"description\":\"Unser IoT Talent Programm f\u00fcr Studierende geht in die n\u00e4chste Runde. Erfahre alle Details in unserem Interview mit Rene Giese!\",\"breadcrumb\":{\"@id\":\"https:\\\/\\\/motionlab.berlin\\\/de\\\/2023\\\/05\\\/16\\\/das-iot-talent-programm-in-kuerze-interview-mit-rene-giese-teil-2\\\/#breadcrumb\"},\"inLanguage\":\"de\",\"potentialAction\":[{\"@type\":\"ReadAction\",\"target\":[\"https:\\\/\\\/motionlab.berlin\\\/de\\\/2023\\\/05\\\/16\\\/das-iot-talent-programm-in-kuerze-interview-mit-rene-giese-teil-2\\\/\"]}]},{\"@type\":\"ImageObject\",\"inLanguage\":\"de\",\"@id\":\"https:\\\/\\\/motionlab.berlin\\\/de\\\/2023\\\/05\\\/16\\\/das-iot-talent-programm-in-kuerze-interview-mit-rene-giese-teil-2\\\/#primaryimage\",\"url\":\"https:\\\/\\\/motionlab.berlin\\\/wp-content\\\/uploads\\\/2023\\\/05\\\/student-internship_iot-internship_iot-certificate.jpg\",\"contentUrl\":\"https:\\\/\\\/motionlab.berlin\\\/wp-content\\\/uploads\\\/2023\\\/05\\\/student-internship_iot-internship_iot-certificate.jpg\",\"width\":1267,\"height\":845},{\"@type\":\"BreadcrumbList\",\"@id\":\"https:\\\/\\\/motionlab.berlin\\\/de\\\/2023\\\/05\\\/16\\\/das-iot-talent-programm-in-kuerze-interview-mit-rene-giese-teil-2\\\/#breadcrumb\",\"itemListElement\":[{\"@type\":\"ListItem\",\"position\":1,\"name\":\"Startseite\",\"item\":\"https:\\\/\\\/motionlab.berlin\\\/de\\\/\"},{\"@type\":\"ListItem\",\"position\":2,\"name\":\"Das IoT Talent Programm in K\u00fcrze &#8211; Interview mit Ren\u00e9 Giese | Teil 2\"}]},{\"@type\":\"WebSite\",\"@id\":\"https:\\\/\\\/motionlab.berlin\\\/de\\\/#website\",\"url\":\"https:\\\/\\\/motionlab.berlin\\\/de\\\/\",\"name\":\"MotionLab.Berlin\",\"description\":\"MotionlabBerlin\",\"publisher\":{\"@id\":\"https:\\\/\\\/motionlab.berlin\\\/de\\\/#organization\"},\"potentialAction\":[{\"@type\":\"SearchAction\",\"target\":{\"@type\":\"EntryPoint\",\"urlTemplate\":\"https:\\\/\\\/motionlab.berlin\\\/de\\\/?s={search_term_string}\"},\"query-input\":{\"@type\":\"PropertyValueSpecification\",\"valueRequired\":true,\"valueName\":\"search_term_string\"}}],\"inLanguage\":\"de\"},{\"@type\":\"Organization\",\"@id\":\"https:\\\/\\\/motionlab.berlin\\\/de\\\/#organization\",\"name\":\"MotionLab.Berlin\",\"url\":\"https:\\\/\\\/motionlab.berlin\\\/de\\\/\",\"logo\":{\"@type\":\"ImageObject\",\"inLanguage\":\"de\",\"@id\":\"https:\\\/\\\/motionlab.berlin\\\/de\\\/#\\\/schema\\\/logo\\\/image\\\/\",\"url\":\"https:\\\/\\\/motionlab.berlin\\\/wp-content\\\/uploads\\\/2022\\\/03\\\/MotionLab.Berlin_Primaerlogo_dunkler-Hintergr_RGB.png\",\"contentUrl\":\"https:\\\/\\\/motionlab.berlin\\\/wp-content\\\/uploads\\\/2022\\\/03\\\/MotionLab.Berlin_Primaerlogo_dunkler-Hintergr_RGB.png\",\"width\":1000,\"height\":341,\"caption\":\"MotionLab.Berlin\"},\"image\":{\"@id\":\"https:\\\/\\\/motionlab.berlin\\\/de\\\/#\\\/schema\\\/logo\\\/image\\\/\"}},{\"@type\":\"Person\",\"@id\":\"https:\\\/\\\/motionlab.berlin\\\/de\\\/#\\\/schema\\\/person\\\/656268828e05ff8128d759d380dd8ba1\",\"name\":\"Fridtjof Gustavs\",\"image\":{\"@type\":\"ImageObject\",\"inLanguage\":\"de\",\"@id\":\"https:\\\/\\\/secure.gravatar.com\\\/avatar\\\/a5b455bb19502e84adb875f96fecd20608c7786eba6944f32e1d8ab456876cb8?s=96&d=mm&r=g\",\"url\":\"https:\\\/\\\/secure.gravatar.com\\\/avatar\\\/a5b455bb19502e84adb875f96fecd20608c7786eba6944f32e1d8ab456876cb8?s=96&d=mm&r=g\",\"contentUrl\":\"https:\\\/\\\/secure.gravatar.com\\\/avatar\\\/a5b455bb19502e84adb875f96fecd20608c7786eba6944f32e1d8ab456876cb8?s=96&d=mm&r=g\",\"caption\":\"Fridtjof Gustavs\"},\"sameAs\":[\"http:\\\/\\\/motionlab.berlin\",\"https:\\\/\\\/www.linkedin.com\\\/in\\\/fridtjof-gustavs-b29b25149\\\/\"],\"url\":\"https:\\\/\\\/motionlab.berlin\\\/de\\\/author\\\/fridtjof\\\/\"}]}<\/script>\n<!-- \/ Yoast SEO Premium plugin. -->","yoast_head_json":{"title":"Challenges, Skills & IoT - Unser Programm f\u00fcr Studierende | Blog","description":"Unser IoT Talent Programm f\u00fcr Studierende geht in die n\u00e4chste Runde. Erfahre alle Details in unserem Interview mit Rene Giese!","robots":{"index":"index","follow":"follow","max-snippet":"max-snippet:-1","max-image-preview":"max-image-preview:large","max-video-preview":"max-video-preview:-1"},"canonical":"https:\/\/motionlab.berlin\/de\/2023\/05\/16\/das-iot-talent-programm-in-kuerze-interview-mit-rene-giese-teil-2\/","og_locale":"de_DE","og_type":"article","og_title":"Das IoT Talent Programm in K\u00fcrze - Interview mit Ren\u00e9 Giese | Teil 2","og_description":"Unser IoT Talent Programm f\u00fcr Studierende geht in die n\u00e4chste Runde. Erfahre alle Details in unserem Interview mit Rene Giese!","og_url":"https:\/\/motionlab.berlin\/de\/2023\/05\/16\/das-iot-talent-programm-in-kuerze-interview-mit-rene-giese-teil-2\/","og_site_name":"MotionLab.Berlin","article_published_time":"2023-05-16T15:40:39+00:00","article_modified_time":"2023-06-08T14:58:45+00:00","og_image":[{"width":1267,"height":845,"url":"https:\/\/motionlab.berlin\/wp-content\/uploads\/2023\/05\/student-internship_iot-internship_iot-certificate.jpg","type":"image\/jpeg"}],"author":"Fridtjof Gustavs","twitter_card":"summary_large_image","twitter_misc":{"Verfasst von":"Fridtjof Gustavs","Gesch\u00e4tzte Lesezeit":"9\u00a0Minuten"},"schema":{"@context":"https:\/\/schema.org","@graph":[{"@type":"Article","@id":"https:\/\/motionlab.berlin\/de\/2023\/05\/16\/das-iot-talent-programm-in-kuerze-interview-mit-rene-giese-teil-2\/#article","isPartOf":{"@id":"https:\/\/motionlab.berlin\/de\/2023\/05\/16\/das-iot-talent-programm-in-kuerze-interview-mit-rene-giese-teil-2\/"},"author":{"name":"Fridtjof Gustavs","@id":"https:\/\/motionlab.berlin\/de\/#\/schema\/person\/656268828e05ff8128d759d380dd8ba1"},"headline":"Das IoT Talent Programm in K\u00fcrze &#8211; Interview mit Ren\u00e9 Giese | Teil 2","datePublished":"2023-05-16T15:40:39+00:00","dateModified":"2023-06-08T14:58:45+00:00","mainEntityOfPage":{"@id":"https:\/\/motionlab.berlin\/de\/2023\/05\/16\/das-iot-talent-programm-in-kuerze-interview-mit-rene-giese-teil-2\/"},"wordCount":1857,"publisher":{"@id":"https:\/\/motionlab.berlin\/de\/#organization"},"image":{"@id":"https:\/\/motionlab.berlin\/de\/2023\/05\/16\/das-iot-talent-programm-in-kuerze-interview-mit-rene-giese-teil-2\/#primaryimage"},"thumbnailUrl":"https:\/\/motionlab.berlin\/wp-content\/uploads\/2023\/05\/student-internship_iot-internship_iot-certificate.jpg","articleSection":["Programme"],"inLanguage":"de"},{"@type":"WebPage","@id":"https:\/\/motionlab.berlin\/de\/2023\/05\/16\/das-iot-talent-programm-in-kuerze-interview-mit-rene-giese-teil-2\/","url":"https:\/\/motionlab.berlin\/de\/2023\/05\/16\/das-iot-talent-programm-in-kuerze-interview-mit-rene-giese-teil-2\/","name":"Challenges, Skills & IoT - Unser Programm f\u00fcr Studierende | Blog","isPartOf":{"@id":"https:\/\/motionlab.berlin\/de\/#website"},"primaryImageOfPage":{"@id":"https:\/\/motionlab.berlin\/de\/2023\/05\/16\/das-iot-talent-programm-in-kuerze-interview-mit-rene-giese-teil-2\/#primaryimage"},"image":{"@id":"https:\/\/motionlab.berlin\/de\/2023\/05\/16\/das-iot-talent-programm-in-kuerze-interview-mit-rene-giese-teil-2\/#primaryimage"},"thumbnailUrl":"https:\/\/motionlab.berlin\/wp-content\/uploads\/2023\/05\/student-internship_iot-internship_iot-certificate.jpg","datePublished":"2023-05-16T15:40:39+00:00","dateModified":"2023-06-08T14:58:45+00:00","description":"Unser IoT Talent Programm f\u00fcr Studierende geht in die n\u00e4chste Runde. Erfahre alle Details in unserem Interview mit Rene Giese!","breadcrumb":{"@id":"https:\/\/motionlab.berlin\/de\/2023\/05\/16\/das-iot-talent-programm-in-kuerze-interview-mit-rene-giese-teil-2\/#breadcrumb"},"inLanguage":"de","potentialAction":[{"@type":"ReadAction","target":["https:\/\/motionlab.berlin\/de\/2023\/05\/16\/das-iot-talent-programm-in-kuerze-interview-mit-rene-giese-teil-2\/"]}]},{"@type":"ImageObject","inLanguage":"de","@id":"https:\/\/motionlab.berlin\/de\/2023\/05\/16\/das-iot-talent-programm-in-kuerze-interview-mit-rene-giese-teil-2\/#primaryimage","url":"https:\/\/motionlab.berlin\/wp-content\/uploads\/2023\/05\/student-internship_iot-internship_iot-certificate.jpg","contentUrl":"https:\/\/motionlab.berlin\/wp-content\/uploads\/2023\/05\/student-internship_iot-internship_iot-certificate.jpg","width":1267,"height":845},{"@type":"BreadcrumbList","@id":"https:\/\/motionlab.berlin\/de\/2023\/05\/16\/das-iot-talent-programm-in-kuerze-interview-mit-rene-giese-teil-2\/#breadcrumb","itemListElement":[{"@type":"ListItem","position":1,"name":"Startseite","item":"https:\/\/motionlab.berlin\/de\/"},{"@type":"ListItem","position":2,"name":"Das IoT Talent Programm in K\u00fcrze &#8211; Interview mit Ren\u00e9 Giese | Teil 2"}]},{"@type":"WebSite","@id":"https:\/\/motionlab.berlin\/de\/#website","url":"https:\/\/motionlab.berlin\/de\/","name":"MotionLab.Berlin","description":"MotionlabBerlin","publisher":{"@id":"https:\/\/motionlab.berlin\/de\/#organization"},"potentialAction":[{"@type":"SearchAction","target":{"@type":"EntryPoint","urlTemplate":"https:\/\/motionlab.berlin\/de\/?s={search_term_string}"},"query-input":{"@type":"PropertyValueSpecification","valueRequired":true,"valueName":"search_term_string"}}],"inLanguage":"de"},{"@type":"Organization","@id":"https:\/\/motionlab.berlin\/de\/#organization","name":"MotionLab.Berlin","url":"https:\/\/motionlab.berlin\/de\/","logo":{"@type":"ImageObject","inLanguage":"de","@id":"https:\/\/motionlab.berlin\/de\/#\/schema\/logo\/image\/","url":"https:\/\/motionlab.berlin\/wp-content\/uploads\/2022\/03\/MotionLab.Berlin_Primaerlogo_dunkler-Hintergr_RGB.png","contentUrl":"https:\/\/motionlab.berlin\/wp-content\/uploads\/2022\/03\/MotionLab.Berlin_Primaerlogo_dunkler-Hintergr_RGB.png","width":1000,"height":341,"caption":"MotionLab.Berlin"},"image":{"@id":"https:\/\/motionlab.berlin\/de\/#\/schema\/logo\/image\/"}},{"@type":"Person","@id":"https:\/\/motionlab.berlin\/de\/#\/schema\/person\/656268828e05ff8128d759d380dd8ba1","name":"Fridtjof Gustavs","image":{"@type":"ImageObject","inLanguage":"de","@id":"https:\/\/secure.gravatar.com\/avatar\/a5b455bb19502e84adb875f96fecd20608c7786eba6944f32e1d8ab456876cb8?s=96&d=mm&r=g","url":"https:\/\/secure.gravatar.com\/avatar\/a5b455bb19502e84adb875f96fecd20608c7786eba6944f32e1d8ab456876cb8?s=96&d=mm&r=g","contentUrl":"https:\/\/secure.gravatar.com\/avatar\/a5b455bb19502e84adb875f96fecd20608c7786eba6944f32e1d8ab456876cb8?s=96&d=mm&r=g","caption":"Fridtjof Gustavs"},"sameAs":["http:\/\/motionlab.berlin","https:\/\/www.linkedin.com\/in\/fridtjof-gustavs-b29b25149\/"],"url":"https:\/\/motionlab.berlin\/de\/author\/fridtjof\/"}]}},"_links":{"self":[{"href":"https:\/\/motionlab.berlin\/de\/wp-json\/wp\/v2\/posts\/11636","targetHints":{"allow":["GET"]}}],"collection":[{"href":"https:\/\/motionlab.berlin\/de\/wp-json\/wp\/v2\/posts"}],"about":[{"href":"https:\/\/motionlab.berlin\/de\/wp-json\/wp\/v2\/types\/post"}],"author":[{"embeddable":true,"href":"https:\/\/motionlab.berlin\/de\/wp-json\/wp\/v2\/users\/5"}],"replies":[{"embeddable":true,"href":"https:\/\/motionlab.berlin\/de\/wp-json\/wp\/v2\/comments?post=11636"}],"version-history":[{"count":0,"href":"https:\/\/motionlab.berlin\/de\/wp-json\/wp\/v2\/posts\/11636\/revisions"}],"wp:featuredmedia":[{"embeddable":true,"href":"https:\/\/motionlab.berlin\/de\/wp-json\/wp\/v2\/media\/11447"}],"wp:attachment":[{"href":"https:\/\/motionlab.berlin\/de\/wp-json\/wp\/v2\/media?parent=11636"}],"wp:term":[{"taxonomy":"category","embeddable":true,"href":"https:\/\/motionlab.berlin\/de\/wp-json\/wp\/v2\/categories?post=11636"},{"taxonomy":"post_tag","embeddable":true,"href":"https:\/\/motionlab.berlin\/de\/wp-json\/wp\/v2\/tags?post=11636"}],"curies":[{"name":"wp","href":"https:\/\/api.w.org\/{rel}","templated":true}]}}